{"id":7424,"date":"2017-05-25T00:00:00","date_gmt":"2017-05-25T00:00:00","guid":{"rendered":"https:\/\/pre.madridemprende.anovagroup.es\/noticias\/vuelve-el-mercado-de-las-flores-a-la-calle-jorge-juan\/"},"modified":"2022-06-08T11:24:04","modified_gmt":"2022-06-08T09:24:04","slug":"vuelve-el-mercado-de-las-flores-a-la-calle-jorge-juan","status":"publish","type":"noticias","link":"https:\/\/test.madridemprende.anovagroup.es\/fr\/noticias\/vuelve-el-mercado-de-las-flores-a-la-calle-jorge-juan\/","title":{"rendered":"Vuelve el \u201cMercado de las Flores\u201d a la Calle Jorge Juan."},"content":{"rendered":"<div style=\\\"text-align: justify;\\\">Un a\u00f1o m\u00e1s, la revista Vogue junto con el Ayuntamiento de Madrid y la Asociaci\u00f3n de Comerciantes de Jorge Juan celebrar\u00e1 su \\\u00bbMercado de las Flores\\\u00bb. Este a\u00f1o, adem\u00e1s, contar\u00e1 con la especial colaboraci\u00f3n de la Fundaci\u00f3n Juegaterapia que recoger\u00e1 fondos para sus proyectos.<\/div>\n<p>Inspirado en los mercados de flores t\u00edpicos de algunas ciudades europeas, se situar\u00e1 en una zona emblem\u00e1tica en el coraz\u00f3n del Barrio de Salamanca, la calle Jorge Juan, entre Serrano y Vel\u00e1zquez. <\/p>\n<p> Este a\u00f1o contar\u00e1 con la presencia de las mejores florister\u00edas de Madrid, en concreto 27, que ofrecer\u00e1n a los visitantes sus mejores productos y creaciones. <\/p>\n<p> Co su 3\u00aa Edici\u00f3n, el \u201cMercado de las Flores de Jorge Juan\u201d se consolida como un evento dinamizador del comercio de la zona y de los alrededores. <\/p>\n<p> Es una buena oportunidad para dar la bienvenida al buen tiempo con la familia o con los amigos.<\/p>\n<p><a href=\\\"\/images\/public\/source\/COMERCIO\/CAMPANAS DE RPOMOCION\/JORGE JUAN\/AAFF_plano80x120.pdf\\\" target=\\\"_blank\\\">Plano del Mercado de las Flores<\/a><\/p>\n","protected":false},"excerpt":{"rendered":"<p>Un a\u00f1o m\u00e1s, la revista Vogue junto con el Ayuntamiento de Madrid y la&#8230;<\/p>\n","protected":false},"featured_media":7425,"template":"","meta":{"_acf_changed":false},"categories":[],"noticias":[],"class_list":["post-7424","noticias","type-noticias","status-publish","has-post-thumbnail","hentry"],"acf":[],"_links":{"self":[{"href":"https:\/\/test.madridemprende.anovagroup.es\/fr\/wp-json\/wp\/v2\/noticias\/7424"}],"collection":[{"href":"https:\/\/test.madridemprende.anovagroup.es\/fr\/wp-json\/wp\/v2\/noticias"}],"about":[{"href":"https:\/\/test.madridemprende.anovagroup.es\/fr\/wp-json\/wp\/v2\/types\/noticias"}],"version-history":[{"count":0,"href":"https:\/\/test.madridemprende.anovagroup.es\/fr\/wp-json\/wp\/v2\/noticias\/7424\/revisions"}],"wp:featuredmedia":[{"embeddable":true,"href":"https:\/\/test.madridemprende.anovagroup.es\/fr\/wp-json\/wp\/v2\/media\/7425"}],"wp:attachment":[{"href":"https:\/\/test.madridemprende.anovagroup.es\/fr\/wp-json\/wp\/v2\/media?parent=7424"}],"wp:term":[{"taxonomy":"category","embeddable":true,"href":"https:\/\/test.madridemprende.anovagroup.es\/fr\/wp-json\/wp\/v2\/categories?post=7424"},{"taxonomy":"noticias","embeddable":true,"href":"https:\/\/test.madridemprende.anovagroup.es\/fr\/wp-json\/wp\/v2\/noticias?post=7424"}],"curies":[{"name":"wp","href":"https:\/\/api.w.org\/{rel}","templated":true}]}}