{"id":7434,"date":"2017-06-01T00:00:00","date_gmt":"2017-06-01T00:00:00","guid":{"rendered":"https:\/\/pre.madridemprende.anovagroup.es\/noticias\/mantener-tu-empresa-en-el-tiempo-coffee-break-con-juan-salgado\/"},"modified":"2022-06-08T11:24:03","modified_gmt":"2022-06-08T09:24:03","slug":"mantener-tu-empresa-en-el-tiempo-coffee-break-con-juan-salgado","status":"publish","type":"noticias","link":"https:\/\/test.madridemprende.anovagroup.es\/fr\/noticias\/mantener-tu-empresa-en-el-tiempo-coffee-break-con-juan-salgado\/","title":{"rendered":"Mantener tu empresa en el tiempo: Coffee Break con Juan Salgado"},"content":{"rendered":"<p class=\\\"MsoNormal\\\" style=\\\"text-align: justify;\\\">Esta ma\u00f1ana ha tenido lugar un Coffee Break en el Vivero de Villaverde. El invitado ha sido en esta ocasi\u00f3n Juan Salgado, propietario de Autoescuela Arenal. Se trata de una empresa familiar casi centenaria.<\/p>\n<p class=\\\"MsoNormal\\\" style=\\\"text-align: justify;\\\"><strong>Tercera \u00a0generaci\u00f3n<\/strong><\/p>\n<p class=\\\"MsoNormal\\\" style=\\\"text-align: justify;\\\">Como dice el propio Juan Salgado, \u201cyo soy la tercera generaci\u00f3n de nuestra empresa. Y deseando que llegue la cuarta\u201d.<\/p>\n<p class=\\\"MsoNormal\\\" style=\\\"text-align: justify;\\\">Juan considera que el sector de las autoescuelas, al igual que otros, ha pasado los \u00faltimos a\u00f1os por una situaci\u00f3n muy dif\u00edcil debido principalmente a la crisis econ\u00f3mica. Pero considera que las cosas siempre vuelven a la normalidad. Y aclara que \u201cpara mantenerse a lo largo del tiempo tienes que ser serio\u201d.<\/p>\n<p class=\\\"MsoNormal\\\" style=\\\"text-align: justify;\\\"><strong>Lo m\u00e1s dif\u00edcil<\/strong><\/p>\n<p class=\\\"MsoNormal\\\" style=\\\"text-align: justify;\\\">Preguntado sobre sus errores, Juan Salgado explica c\u00f3mo mantuvo un centro abierto durante dos a\u00f1os contra viento y marea, para finalmente tener que acabar cerr\u00e1ndolo. Juan reflexiona sobre que \u201cse suele decir que lo m\u00e1s dif\u00edcil es crecer, expandirte\u201d. Pero en su opini\u00f3n \u201clo m\u00e1s dif\u00edcil no es crecer, es ser capaz de darte cuenta a tiempo de que tienes que cerrar\\\u00bb.<\/p>\n<p class=\\\"MsoNormal\\\" style=\\\"text-align: justify;\\\"><strong>Aceptar el fracaso, huir de la deuda<\/strong><\/p>\n<p class=\\\"MsoNormal\\\" style=\\\"text-align: justify;\\\">Debido a la ilusi\u00f3n con la que hemos arrancado un proyecto, es frecuente la tentaci\u00f3n de endeudarnos para mantenerlo a flote, aunque la situaci\u00f3n nos indique que ya no tiene viabilidad.<\/p>\n<p class=\\\"MsoNormal\\\" style=\\\"text-align: justify;\\\">Juan Salgado nos previene contra esto: \u201cLa deuda te come, te metes en una \u201cpelota\u201d de la que no puedes salir aunque las cosas mejoren\u201d. Y a\u00f1ade que \u201csi te tienes que endeudar, es el momento de dejarlo\u201d.<\/p>\n<p class=\\\"MsoNormal\\\" style=\\\"text-align: justify;\\\"><strong>Mantenerse a flote<\/strong><\/p>\n<p class=\\\"MsoNormal\\\" style=\\\"text-align: justify;\\\">Preguntado sobre si la crisis le ha ense\u00f1ado algo en cuanto a la sostenibilidad de su empresa, Juan responde que \\\u00bben \u00e9poca de bonanza no eres consciente de la cantidad de costes que tienes sin ser necesarios\\\u00bb.<\/p>\n<p class=\\\"MsoNormal\\\" style=\\\"text-align: justify;\\\">En opini\u00f3n de Juan Salgado, optimizar los costes de nuestra empresa, nos permitir\u00e1 no s\u00f3lo sobrevivir a la crisis, sino funcionar mejor cuando \u00a0vengan tiempos mejores. Juan nos previene especialmente contra los gastos fijos, recurrentes.<\/p>\n<p class=\\\"MsoNormal\\\" style=\\\"text-align: justify;\\\">En 2020 Autoescuela Arenal, la empresa de Juan Salgado, cumplir\u00e1 los 100 a\u00f1os.<\/p>\n","protected":false},"excerpt":{"rendered":"<p>Esta ma\u00f1ana ha tenido lugar un Coffee Break en el Vivero de Villaverde. El&#8230;<\/p>\n","protected":false},"featured_media":7435,"template":"","meta":{"_acf_changed":false},"categories":[],"noticias":[],"class_list":["post-7434","noticias","type-noticias","status-publish","has-post-thumbnail","hentry"],"acf":[],"_links":{"self":[{"href":"https:\/\/test.madridemprende.anovagroup.es\/fr\/wp-json\/wp\/v2\/noticias\/7434"}],"collection":[{"href":"https:\/\/test.madridemprende.anovagroup.es\/fr\/wp-json\/wp\/v2\/noticias"}],"about":[{"href":"https:\/\/test.madridemprende.anovagroup.es\/fr\/wp-json\/wp\/v2\/types\/noticias"}],"version-history":[{"count":0,"href":"https:\/\/test.madridemprende.anovagroup.es\/fr\/wp-json\/wp\/v2\/noticias\/7434\/revisions"}],"wp:featuredmedia":[{"embeddable":true,"href":"https:\/\/test.madridemprende.anovagroup.es\/fr\/wp-json\/wp\/v2\/media\/7435"}],"wp:attachment":[{"href":"https:\/\/test.madridemprende.anovagroup.es\/fr\/wp-json\/wp\/v2\/media?parent=7434"}],"wp:term":[{"taxonomy":"category","embeddable":true,"href":"https:\/\/test.madridemprende.anovagroup.es\/fr\/wp-json\/wp\/v2\/categories?post=7434"},{"taxonomy":"noticias","embeddable":true,"href":"https:\/\/test.madridemprende.anovagroup.es\/fr\/wp-json\/wp\/v2\/noticias?post=7434"}],"curies":[{"name":"wp","href":"https:\/\/api.w.org\/{rel}","templated":true}]}}