{"id":7436,"date":"2017-06-05T00:00:00","date_gmt":"2017-06-05T00:00:00","guid":{"rendered":"https:\/\/pre.madridemprende.anovagroup.es\/noticias\/el-ayuntamiento-de-madrid-presenta-la-ruta-de-las-tapas-y-tiendas-de-san-blas-canillejas-2017\/"},"modified":"2022-06-08T11:24:02","modified_gmt":"2022-06-08T09:24:02","slug":"el-ayuntamiento-de-madrid-presenta-la-ruta-de-las-tapas-y-tiendas-de-san-blas-canillejas-2017","status":"publish","type":"noticias","link":"https:\/\/test.madridemprende.anovagroup.es\/fr\/noticias\/el-ayuntamiento-de-madrid-presenta-la-ruta-de-las-tapas-y-tiendas-de-san-blas-canillejas-2017\/","title":{"rendered":"El Ayuntamiento de Madrid presenta la Ruta de las Tapas y Tiendas de San Blas- Canillejas 2017"},"content":{"rendered":"<p class=\\\"MsoNormal\\\" style=\\\"margin-bottom: 12.0pt; text-align: justify; line-height: 115%; mso-pagination: none; mso-layout-grid-align: none; text-autospace: none;\\\"><span lang=\\\"ES-TRAD\\\" style=\\\"font-size: 10pt; line-height: 115%; font-family: Lato, sans-serif;\\\">El pasado 1 de junio tuvo lugar la presentaci\u00f3n oficial de la 5\u00aa edici\u00f3n de la Ruta de las Tapas y Tiendas (RTT) organizado por el promovida por la Direcci\u00f3n General de Comercio y Emprendimiento del \u00c1rea de Equidad, Derechos Sociales y Empleo del Ayuntamiento de Madrid, junto con la Asociaci\u00f3n de Aut\u00f3nomos, Comerciantes, Emprendedores y Hosteler\u00eda de San Blas-Canillejas (ACEH).<\/span><\/p>\n<p class=\\\"MsoNormal\\\" style=\\\"margin-bottom: 12.0pt; text-align: justify; line-height: 115%; mso-pagination: none; mso-layout-grid-align: none; text-autospace: none;\\\"><span lang=\\\"ES-TRAD\\\" style=\\\"font-size: 10pt; line-height: 115%; font-family: Lato, sans-serif;\\\">La presentaci\u00f3n de esta edici\u00f3n cont\u00f3 con la colaboraci\u00f3n de Elvira Lindo como madrina de la Ruta, con Concepci\u00f3n D\u00edaz de Villegas, Directora de Comercio y Emprendimiento y con la Concejala del distrito Marta G\u00f3mez Lahoz, quienes destacaron su compromiso para apoyar este tipo de iniciativas y la importancia de los comercios de barrio.<\/span><\/p>\n<p class=\\\"MsoNormal\\\" style=\\\"margin-bottom: 12.0pt; text-align: justify; line-height: 115%; mso-pagination: none; mso-layout-grid-align: none; text-autospace: none;\\\"><span lang=\\\"ES-TRAD\\\" style=\\\"font-size: 10pt; line-height: 115%; font-family: Lato, sans-serif;\\\">Esta 5\u00aa edici\u00f3n de la <\/span><span lang=\\\"ES-TRAD\\\" style=\\\"font-size: 10pt; line-height: 115%; font-family: Lato, sans-serif;\\\">Ruta de las Tapas y Tiendas<\/span><span lang=\\\"ES-TRAD\\\" style=\\\"font-size: 10pt; line-height: 115%; font-family: Lato, sans-serif;\\\"> permitir\u00e1 a los madrile\u00f1os y visitantes disfrutar con <\/span><strong><span lang=\\\"ES-TRAD\\\" style=\\\"font-size: 10pt; line-height: 115%; font-family: Lato, sans-serif;\\\">los mejores bocados en miniaturas <\/span><\/strong><span lang=\\\"ES-TRAD\\\" style=\\\"font-size: 10pt; line-height: 115%; font-family: Lato, sans-serif;\\\">de la cocina espa\u00f1ola. La RTT se ha convertido en <\/span><strong><span lang=\\\"ES-TRAD\\\" style=\\\"font-size: 10pt; line-height: 115%; font-family: Lato, sans-serif;\\\">uno de los eventos de referencia de Madrid<\/span><\/strong><span lang=\\\"ES-TRAD\\\" style=\\\"font-size: 10pt; line-height: 115%; font-family: Lato, sans-serif;\\\">, donde nuevos restauradores tendr\u00e1n la oportunidad de mostrar sus creaciones. Adicionalmente en esta edici\u00f3n los comercios de San Blas y Canillejas se han unido a la iniciativa ofreciendo ofertas especiales para que la RTT sea un evento lleno de sensaciones. <\/span><\/p>\n<p class=\\\"MsoNormal\\\" style=\\\"margin-bottom: 12.0pt; text-align: justify; line-height: 115%; mso-pagination: none; mso-layout-grid-align: none; text-autospace: none;\\\"><span lang=\\\"ES-TRAD\\\" style=\\\"font-size: 10pt; line-height: 115%; font-family: Lato, sans-serif;\\\">La RTT de San Blas-Canillejas <\/span><strong><span lang=\\\"ES-TRAD\\\" style=\\\"font-size: 10pt; line-height: 115%; font-family: Lato, sans-serif;\\\">re\u00fane las propuestas m\u00e1s sugerentes <\/span><\/strong><span lang=\\\"ES-TRAD\\\" style=\\\"font-size: 10pt; line-height: 115%; font-family: Lato, sans-serif;\\\">para disfrutar con la <\/span><strong><span lang=\\\"ES-TRAD\\\" style=\\\"font-size: 10pt; line-height: 115%; font-family: Lato, sans-serif;\\\">creatividad de la mejor cocina mediterr\u00e1nea espa\u00f1ola <\/span><\/strong><span lang=\\\"ES-TRAD\\\" style=\\\"font-size: 10pt; line-height: 115%; font-family: Lato, sans-serif;\\\">y tambi\u00e9n <\/span><strong><span lang=\\\"ES-TRAD\\\" style=\\\"font-size: 10pt; line-height: 115%; font-family: Lato, sans-serif;\\\">internacional<\/span><\/strong><span lang=\\\"ES-TRAD\\\" style=\\\"font-size: 10pt; line-height: 115%; font-family: Lato, sans-serif;\\\">, con propuestas de M\u00e9xico, Portugal o Italia. <\/span><\/p>\n<p class=\\\"MsoNormal\\\" style=\\\"margin-bottom: 12.0pt; text-align: justify; line-height: 115%; mso-pagination: none; mso-layout-grid-align: none; text-autospace: none;\\\"><strong><span lang=\\\"ES-TRAD\\\" style=\\\"font-size: 10pt; line-height: 115%; font-family: Lato, sans-serif;\\\">Del 2 al 11 de Junio <\/span><\/strong><span lang=\\\"ES-TRAD\\\" style=\\\"font-size: 10pt; line-height: 115%; font-family: Lato, sans-serif;\\\">los ciudadanos podr\u00e1n saborear y degustar las tapas, pero tambi\u00e9n elegir las mejores a trav\u00e9s de <\/span><span lang=\\\"ES-TRAD\\\" style=\\\"font-size: 10.0pt; line-height: 115%; font-family: \\'Lato\\',\\'sans-serif\\'; mso-bidi-font-family: \\'Times New Roman\\'; color: blue;\\\">www.rutadelastapas.com <\/span><span lang=\\\"ES-TRAD\\\" style=\\\"font-size: 10pt; line-height: 115%; font-family: Lato, sans-serif;\\\">o descargando la App y <\/span><strong><span lang=\\\"ES-TRAD\\\" style=\\\"font-size: 10pt; line-height: 115%; font-family: Lato, sans-serif;\\\">participar en estupendos premios<\/span><\/strong><span lang=\\\"ES-TRAD\\\" style=\\\"font-size: 10pt; line-height: 115%; font-family: Lato, sans-serif;\\\">, como un <\/span><strong><span lang=\\\"ES-TRAD\\\" style=\\\"font-size: 10pt; line-height: 115%; font-family: Lato, sans-serif;\\\">crucero para dos personas por el Mediterr\u00e1neo <\/span><\/strong><span lang=\\\"ES-TRAD\\\" style=\\\"font-size: 10pt; line-height: 115%; font-family: Lato, sans-serif;\\\">y m\u00e1s de 1.000 euros en premios para los participantes con sus votaciones, adem\u00e1s de beneficiarse de los <\/span><strong><span lang=\\\"ES-TRAD\\\" style=\\\"font-size: 10pt; line-height: 115%; font-family: Lato, sans-serif;\\\">estupendos descuentos y ofertas atractivas <\/span><\/strong><span lang=\\\"ES-TRAD\\\" style=\\\"font-size: 10pt; line-height: 115%; font-family: Lato, sans-serif;\\\">que durante la ruta ponen los profesionales de las Tiendas que participan. <\/span><\/p>\n<p class=\\\"MsoNormal\\\" style=\\\"text-align: justify; line-height: 115%;\\\"><span lang=\\\"ES-TRAD\\\" style=\\\"font-size: 10.0pt; line-height: 115%; font-family: \\'Lato\\',\\'sans-serif\\';\\\">\u00a0<\/span><\/p>\n","protected":false},"excerpt":{"rendered":"<p>El pasado 1 de junio tuvo lugar la presentaci\u00f3n oficial de la 5\u00aa edici\u00f3n de&#8230;<\/p>\n","protected":false},"featured_media":7437,"template":"","meta":{"_acf_changed":false},"categories":[],"noticias":[],"class_list":["post-7436","noticias","type-noticias","status-publish","has-post-thumbnail","hentry"],"acf":[],"_links":{"self":[{"href":"https:\/\/test.madridemprende.anovagroup.es\/fr\/wp-json\/wp\/v2\/noticias\/7436"}],"collection":[{"href":"https:\/\/test.madridemprende.anovagroup.es\/fr\/wp-json\/wp\/v2\/noticias"}],"about":[{"href":"https:\/\/test.madridemprende.anovagroup.es\/fr\/wp-json\/wp\/v2\/types\/noticias"}],"version-history":[{"count":0,"href":"https:\/\/test.madridemprende.anovagroup.es\/fr\/wp-json\/wp\/v2\/noticias\/7436\/revisions"}],"wp:featuredmedia":[{"embeddable":true,"href":"https:\/\/test.madridemprende.anovagroup.es\/fr\/wp-json\/wp\/v2\/media\/7437"}],"wp:attachment":[{"href":"https:\/\/test.madridemprende.anovagroup.es\/fr\/wp-json\/wp\/v2\/media?parent=7436"}],"wp:term":[{"taxonomy":"category","embeddable":true,"href":"https:\/\/test.madridemprende.anovagroup.es\/fr\/wp-json\/wp\/v2\/categories?post=7436"},{"taxonomy":"noticias","embeddable":true,"href":"https:\/\/test.madridemprende.anovagroup.es\/fr\/wp-json\/wp\/v2\/noticias?post=7436"}],"curies":[{"name":"wp","href":"https:\/\/api.w.org\/{rel}","templated":true}]}}