{"id":7438,"date":"2017-06-05T00:00:00","date_gmt":"2017-06-05T00:00:00","guid":{"rendered":"https:\/\/pre.madridemprende.anovagroup.es\/noticias\/arranca-decoraccin-2017-en-el-barrio-de-las-letras-el-mayor-evento-urbano-de-decoracin-e-interiorismo-en-espaa\/"},"modified":"2022-06-08T11:24:02","modified_gmt":"2022-06-08T09:24:02","slug":"arranca-decoraccin-2017-en-el-barrio-de-las-letras-el-mayor-evento-urbano-de-decoracin-e-interiorismo-en-espaa","status":"publish","type":"noticias","link":"https:\/\/test.madridemprende.anovagroup.es\/fr\/noticias\/arranca-decoraccin-2017-en-el-barrio-de-las-letras-el-mayor-evento-urbano-de-decoracin-e-interiorismo-en-espaa\/","title":{"rendered":"Arranca DecorAcci\u00f3n 2017 en el Barrio de Las Letras, el mayor evento urbano de decoraci\u00f3n e interiorismo en Espa\u00f1a."},"content":{"rendered":"<p class=\\\"MsoNormal\\\" style=\\\"text-align: justify; line-height: normal;\\\">Del 8 al 11 de junio tendr\u00e1 lugar en el Barrio de las Letras de Madrid la octava edici\u00f3n de DecorAcci\u00f3n, la gran fiesta del interiorismo nacional. <strong>Tras ocho a\u00f1os, la muestra realiza este a\u00f1o una apuesta a\u00fan m\u00e1s definida por la calidad con el fin de exponer las mejores propuestas de decoraci\u00f3n e interiorismo.<\/strong> Todas estas instalaciones ef\u00edmeras podr\u00e1n ser contempladas, como de costumbre, en fachadas, escaparates, plazas y calles del emblem\u00e1tico barrio madrile\u00f1o.<\/p>\n<p><strong>DecorAcci\u00f3n est\u00e1 organizado por la Asociaci\u00f3n de Comerciantes del Barrio de las Letras, la revista Nuevo Estilo y el Ayuntamiento de Madrid<\/strong>, a trav\u00e9s de la Direcci\u00f3n General de Comercio y Emprendimiento del \u00c1rea de Gobierno de Equidad, Derechos Sociales y Empleo.<\/p>\n<p>Los visitantes de DecorAcci\u00f3n 2017 podr\u00e1n disfrutar del trabajo de los <strong>m\u00e1s de 100 interioristas<\/strong> que participan este a\u00f1o con sus proyectos.<strong> El evento ha sido clave para dinamizar en los \u00faltimos a\u00f1os el Barrio de las Letras, que durante unos d\u00edas se convierte en el referente de la creatividad.\u00a0<\/strong><\/p>\n<p>Un a\u00f1o m\u00e1s, los<strong> mercadillos de antig\u00fcedades estar\u00e1n situados en las calles Cervantes, Quevedo, San Agust\u00edn, San Jos\u00e9 y San Pedro; el mercadillo pop up de accesorios de decoraci\u00f3n, en la calle Morat\u00edn. Todos ellos tendr\u00e1n un horario de 11:00 a 22:00 h. (excepto el domingo 11 que cerrar\u00e1n a las 18.00).<\/p>\n<p><\/strong>DecorAcci\u00f3n 2017 contar\u00e1 con las intervenciones de <strong>artistas sobradamente reconocidos<\/strong> dentro de nuestras fronteras y fuera de ellas. Es el caso de Pablo Paniagua, Luis Garc\u00eda Fraile o Jean Porsche, reconocido arquitecto mexicano.\u00a0<\/p>\n<p>Paralelamente, el evento pretende<strong> dar a conocer los j\u00f3venes talentos<\/strong> procedentes de \u00a0escuelas como IADE, la Universidad Nebrija, la Universidad Complutense a trav\u00e9s de los talleres del Curso de Decoraci\u00f3n, la Escuela Madrile\u00f1a de Decoraci\u00f3n y la Escuela T\u00e9cnica Superior de Arquitectura de Madrid.<\/p>\n<p>DecorAcci\u00f3n <strong>se celebra en el Barrio de las Letras de Madrid<\/strong> por ser sede de muchos de los interioristas espa\u00f1oles, <strong>por reunir tradici\u00f3n e innovaci\u00f3n en un entorno de gran inter\u00e9s cultural y art\u00edstico y por su gran atractivo tur\u00edstico.<\/strong><\/p>\n<p>El pr\u00f3ximo jueves 8 de Mayo tendr\u00e1 lugar la presentaci\u00f3n con un recorrido a las 16,00 h. al que asistir\u00e1 la Delegada del \u00c1rea de Gobierno de Equidad, Derechos Sociales y Empleo, acompa\u00f1ada de la Directora General de Comercio y Emprendimiento, y que pasar\u00e1 por alguno de los puntos m\u00e1s representativos.<\/p>\n<p>Para m\u00e1s informaci\u00f3n:\u00a0<\/p>\n<p><a href=\\\"http:\/\/decoraccion.nuevo-estilo.es\/\\\" target=\\\"_blank\\\">http:\/\/decoraccion.nuevo-estilo.es\/<\/a><\/p>\n","protected":false},"excerpt":{"rendered":"<p>Del 8 al 11 de junio tendr\u00e1 lugar en el Barrio de las Letras de Madrid la&#8230;<\/p>\n","protected":false},"featured_media":7439,"template":"","meta":{"_acf_changed":false},"categories":[],"noticias":[],"class_list":["post-7438","noticias","type-noticias","status-publish","has-post-thumbnail","hentry"],"acf":[],"_links":{"self":[{"href":"https:\/\/test.madridemprende.anovagroup.es\/fr\/wp-json\/wp\/v2\/noticias\/7438"}],"collection":[{"href":"https:\/\/test.madridemprende.anovagroup.es\/fr\/wp-json\/wp\/v2\/noticias"}],"about":[{"href":"https:\/\/test.madridemprende.anovagroup.es\/fr\/wp-json\/wp\/v2\/types\/noticias"}],"version-history":[{"count":0,"href":"https:\/\/test.madridemprende.anovagroup.es\/fr\/wp-json\/wp\/v2\/noticias\/7438\/revisions"}],"wp:featuredmedia":[{"embeddable":true,"href":"https:\/\/test.madridemprende.anovagroup.es\/fr\/wp-json\/wp\/v2\/media\/7439"}],"wp:attachment":[{"href":"https:\/\/test.madridemprende.anovagroup.es\/fr\/wp-json\/wp\/v2\/media?parent=7438"}],"wp:term":[{"taxonomy":"category","embeddable":true,"href":"https:\/\/test.madridemprende.anovagroup.es\/fr\/wp-json\/wp\/v2\/categories?post=7438"},{"taxonomy":"noticias","embeddable":true,"href":"https:\/\/test.madridemprende.anovagroup.es\/fr\/wp-json\/wp\/v2\/noticias?post=7438"}],"curies":[{"name":"wp","href":"https:\/\/api.w.org\/{rel}","templated":true}]}}