{"id":7442,"date":"2017-06-16T00:00:00","date_gmt":"2017-06-16T00:00:00","guid":{"rendered":"https:\/\/pre.madridemprende.anovagroup.es\/noticias\/andema-recibe-el-premio-internacional-antifalsificacin-por-el-proyecto-autenticiudad\/"},"modified":"2022-06-08T11:24:01","modified_gmt":"2022-06-08T09:24:01","slug":"andema-recibe-el-premio-internacional-antifalsificacin-por-el-proyecto-autenticiudad","status":"publish","type":"noticias","link":"https:\/\/test.madridemprende.anovagroup.es\/fr\/noticias\/andema-recibe-el-premio-internacional-antifalsificacin-por-el-proyecto-autenticiudad\/","title":{"rendered":"Andema recibe el Premio Internacional Antifalsificaci\u00f3n por el proyecto \u201cAutenticiudad\u201d"},"content":{"rendered":"<div><strong>Madrid, 07 de junio de 2017.- Andema y las organizaciones de defensa de la marca de Italia (INDICAM) y Francia (UNIFAB) han sido galardonadas hoy en Par\u00eds con el Premio Internacional Global Anti-Counterfeiting Network Group por el proyecto \u201cAutenticiudad\u201d. Una iniciativa, apoyada por la Uni\u00f3n Europea, que busca implantar una red de \u201cciudades aut\u00e9nticas\u201d concienciando sobre el papel que desempe\u00f1an los municipios en la defensa de los derechos de propiedad industrial como \u00f3rganos administrativos m\u00e1s cercanos a la ciudadan\u00eda.<\/strong> <\/p>\n<p>El proyecto \u201cAutenticiudad\u201d naci\u00f3 en 2015, a trav\u00e9s de la colaboraci\u00f3n de Andema y las organizaciones de defensa de la marca de Italia y Francia, con el objetivo de reconocer a los ayuntamientos que realizan una labor proactiva en la defensa de las marcas y del tejido comercial e industrial, y en contra de la venta ilegal de falsificaciones. En Espa\u00f1a, Alicante y M\u00e1laga son las dos primeras \u201cAutenticiudades\u201d. <\/p>\n<p>La organizaci\u00f3n Global Anti-Counterfeiting Group (GACG) quiere reconocer, en la categor\u00eda \u201cComunicaci\u00f3n y Sensibilizaci\u00f3n\u201d, el trabajo que realizan estas asociaciones en su esfuerzo por concienciar al consumidor de los perjuicios que conlleva la compra de falsificaciones, y en destacar la dedicaci\u00f3n de las administraciones locales que ponen en marcha iniciativas para frenar la venta de productos falsificados.<\/p><\/div>\n<div>\u00a0<\/div>\n<div>Estos premios ponen en valor los \u00e9xitos de distintas organizaciones, compa\u00f1\u00edas o personas en la lucha frente a las falsificaciones y la pirater\u00eda a nivel internacional. Junto a Andema tambi\u00e9n han resultado galardonadas la aduana de Malta, la Oficina Europea de Lucha contra el Fraude (OLAF) y las compa\u00f1\u00edas Philips y Peugeot, entre otras entidades. <\/p>\n<p>Se calcula que la falsificaci\u00f3n y la pirater\u00eda suponen un perjuicio a la econom\u00eda global de 1,5 billones de euros al a\u00f1o. Ello se traduce en p\u00e9rdidas de puestos de trabajo, menos inversi\u00f3n en creaci\u00f3n de empleo y aumento de los precios de los productos legales. Con el objetivo de concienciar de los graves riesgos y perjuicios que conlleva esta lacra, Espa\u00f1a celebrar\u00e1 el D\u00eda de la Antifalsificaci\u00f3n el pr\u00f3ximo 30 de junio.<\/p>\n<\/div>\n<div>Sobre Andema:<\/p>\n<\/div>\n<div>La Asociaci\u00f3n para la Defensa de la Marca es una asociaci\u00f3n privada sin \u00e1nimo de lucro creada en 1989 por iniciativa de ocho empresas con vocaci\u00f3n marquista y de la C\u00e1mara de Comercio de Espa\u00f1a. Est\u00e1 compuesta por 65 empresas de diferentes sectores econ\u00f3micos con un nexo en com\u00fan: la creencia en el poder de la marca, de los dise\u00f1os y de las patentes como principal activo de las empresas, como herramienta de competitividad e internacionalizaci\u00f3n y como elemento generador de riqueza y empleo en la econom\u00eda y en la sociedad. Sus objetivos son la defensa de las marcas y sus titulares, la mejora continua del marco legislativo y pr\u00e1ctico de las marcas en Espa\u00f1a y lograr la concienciaci\u00f3n de la sociedad en general a trav\u00e9s de la difusi\u00f3n del impacto que tienen las marcas en la econom\u00eda, el empleo, la innovaci\u00f3n, el comercio, la seguridad y la salud del consumidor.<a href=\\\"http:\/\/andema.camaras.org\/\\\"> http:\/\/andema.camaras.org\/<\/p>\n<p><\/a><\/div>\n<div>Para m\u00e1s informaci\u00f3n y gesti\u00f3n de entrevistas:<\/p>\n<\/div>\n<div>Comunicaci\u00f3n Andema<\/div>\n<div>Amparo G\u00f3mez-Amat \/ Teresa D\u00edaz<\/div>\n<div>678 41 48 72 \/ 91 590 69 39<\/div>\n<div><a href=\\\"mailto:prensa.andema@camara.es\\\">prensa.andema@camara.es<\/a><\/div>\n<div>C\/ Ribera del Loira, 12 \/ 28042 Madrid<\/div>\n","protected":false},"excerpt":{"rendered":"<p>Madrid, 07 de junio de 2017.- Andema y las organizaciones de defensa de la&#8230;<\/p>\n","protected":false},"featured_media":7443,"template":"","meta":{"_acf_changed":false},"categories":[],"noticias":[],"class_list":["post-7442","noticias","type-noticias","status-publish","has-post-thumbnail","hentry"],"acf":[],"_links":{"self":[{"href":"https:\/\/test.madridemprende.anovagroup.es\/fr\/wp-json\/wp\/v2\/noticias\/7442"}],"collection":[{"href":"https:\/\/test.madridemprende.anovagroup.es\/fr\/wp-json\/wp\/v2\/noticias"}],"about":[{"href":"https:\/\/test.madridemprende.anovagroup.es\/fr\/wp-json\/wp\/v2\/types\/noticias"}],"version-history":[{"count":0,"href":"https:\/\/test.madridemprende.anovagroup.es\/fr\/wp-json\/wp\/v2\/noticias\/7442\/revisions"}],"wp:featuredmedia":[{"embeddable":true,"href":"https:\/\/test.madridemprende.anovagroup.es\/fr\/wp-json\/wp\/v2\/media\/7443"}],"wp:attachment":[{"href":"https:\/\/test.madridemprende.anovagroup.es\/fr\/wp-json\/wp\/v2\/media?parent=7442"}],"wp:term":[{"taxonomy":"category","embeddable":true,"href":"https:\/\/test.madridemprende.anovagroup.es\/fr\/wp-json\/wp\/v2\/categories?post=7442"},{"taxonomy":"noticias","embeddable":true,"href":"https:\/\/test.madridemprende.anovagroup.es\/fr\/wp-json\/wp\/v2\/noticias?post=7442"}],"curies":[{"name":"wp","href":"https:\/\/api.w.org\/{rel}","templated":true}]}}