{"id":7444,"date":"2017-06-19T00:00:00","date_gmt":"2017-06-19T00:00:00","guid":{"rendered":"https:\/\/pre.madridemprende.anovagroup.es\/noticias\/semana-de-los-alimentos-de-calidad-diferenciada-del-principado-de-asturias\/"},"modified":"2022-06-08T11:24:01","modified_gmt":"2022-06-08T09:24:01","slug":"semana-de-los-alimentos-de-calidad-diferenciada-del-principado-de-asturias","status":"publish","type":"noticias","link":"https:\/\/test.madridemprende.anovagroup.es\/fr\/noticias\/semana-de-los-alimentos-de-calidad-diferenciada-del-principado-de-asturias\/","title":{"rendered":"Semana de los Alimentos de Calidad Diferenciada del Principado de Asturias"},"content":{"rendered":"<div style=\\\"text-align: justify;\\\">La Consejera de Desarrollo Rural y Recursos Naturales del Principado de Asturias, Mar\u00eda Jes\u00fas \u00c1lvarez, presentar\u00e1 el lunes 19, en Madrid, la <strong>Semana de los Alimentos de Calidad Diferenciada de Principado de Asturias<\/strong>, en un acto que tendr\u00e1 lugar a las 12:00 horas en el mercado de La Paz y al que asistir\u00e1n los responsables de los consejos reguladores de las marcas de calidad diferenciada de la comunidad: IGP (Indicaci\u00f3n Geogr\u00e1fica Protegida) y DOP (Denominaci\u00f3n de Origen Protegida).<\/div>\n<div style=\\\"text-align: justify;\\\">\u00a0<\/div>\n<div style=\\\"text-align: justify;\\\"><strong>A lo largo de toda la semana, del lunes 19 al s\u00e1bado 24, se mantendr\u00e1 permanente en el este c\u00e9ntrico mercado de la capital, Mercado de la Paz, <\/strong>presencia de productores y distribuidores de productos alimenticios asturianos para aconsejar, informar e ilustrar a los consumidores sobre estas producciones con diversas catas y degustaciones de \u00a0los alimentos de calidad diferenciada de Asturias.<\/div>\n<div style=\\\"text-align: justify;\\\">\u00a0<\/div>\n<div style=\\\"text-align: justify;\\\">Con esta semana de presentaci\u00f3n se pretende dar a conocer los productos acogidos a marcas de calidad diferenciada con respaldo de la Uni\u00f3n Europea (Ternera Asturiana, Sidra de Asturias, Chosco de Tineo, Faba Asturiana, Vino de Cangas, y cinco quesos; Cabrales, Gamonedo, Afuega\u00b4l Pitu, Cas\u00edn, y Beyos) junto con un apartado espec\u00edfico de productos de agricultura ecol\u00f3gica. entre los consumidores madrile\u00f1os.<\/div>\n<div style=\\\"text-align: justify;\\\">\u00a0<\/div>\n<div style=\\\"text-align: justify;\\\">Los asistentes a la presentaci\u00f3n del lunes podr\u00e1n degustar Sidra de Asturias y la fabada premiada como la mejor del mundo, elaborada por Casa Chema, adem\u00e1s de una cata de queso Cas\u00edn.<\/p>\n<p><strong>Programa:<\/p>\n<p><img src=\\\"\/images\/public\/source\/MERCADOS\/ACTOS DE PROMOCION\/PROGRAMA.jpg\\\" alt=\\\"PROGRAMA\\\" width=\\\"542\\\" height=\\\"682\\\" \/><\/p>\n<p>M\u00e1s informaci\u00f3n:<\/p>\n<p><\/strong><\/p>\n<p class=\\\"MsoNormal\\\" style=\\\"margin-bottom: 12.0pt;\\\"><a style=\\\"font-family: Calibri, sans-serif;\\\" href=\\\"http:\/\/www.mercadodelapaz.blogspot.com\\\" target=\\\"_blank\\\">www.mercadodelapaz.blogspot.com<\/a><span style=\\\"font-family: Calibri, sans-serif;\\\">\u00a0\u00a0 <\/span><br \/> <a id=\\\"LPNoLP\\\" style=\\\"font-family: Calibri, sans-serif;\\\" href=\\\"http:\/\/www.twitter.com\/mercadodelapaz\\\" target=\\\"_blank\\\">www.twitter.com\/mercadodelapaz<br \/><\/a><a href=\\\"http:\/\/www.facebook.com\/mercadodelapaz\\\" target=\\\"_blank\\\">www.facebook.com\/mercadodelapaz<\/a><\/p>\n<p> <a href=\\\"http:\/\/movil.asturias.es\/portal\/site\/webasturias\/menuitem.6282925f26d862bcbc2b3510f2300030\/?vgnextoid=46fa4ebc32ebc510VgnVCM10000097030a0aRCRD&#038;vgnextchannel=1474936426f05310VgnVCM10000098030a0aRCRD&#038;i18n.http.lang=es\\\" target=\\\"_blank\\\">Gobierno del Principado de Asturias<\/a><\/p>\n<p><strong><\/p>\n<p><\/strong><\/p>\n<\/div>\n","protected":false},"excerpt":{"rendered":"<p>La Consejera de Desarrollo Rural y Recursos Naturales del Principado de&#8230;<\/p>\n","protected":false},"featured_media":7445,"template":"","meta":{"_acf_changed":false},"categories":[],"noticias":[],"class_list":["post-7444","noticias","type-noticias","status-publish","has-post-thumbnail","hentry"],"acf":[],"_links":{"self":[{"href":"https:\/\/test.madridemprende.anovagroup.es\/fr\/wp-json\/wp\/v2\/noticias\/7444"}],"collection":[{"href":"https:\/\/test.madridemprende.anovagroup.es\/fr\/wp-json\/wp\/v2\/noticias"}],"about":[{"href":"https:\/\/test.madridemprende.anovagroup.es\/fr\/wp-json\/wp\/v2\/types\/noticias"}],"version-history":[{"count":0,"href":"https:\/\/test.madridemprende.anovagroup.es\/fr\/wp-json\/wp\/v2\/noticias\/7444\/revisions"}],"wp:featuredmedia":[{"embeddable":true,"href":"https:\/\/test.madridemprende.anovagroup.es\/fr\/wp-json\/wp\/v2\/media\/7445"}],"wp:attachment":[{"href":"https:\/\/test.madridemprende.anovagroup.es\/fr\/wp-json\/wp\/v2\/media?parent=7444"}],"wp:term":[{"taxonomy":"category","embeddable":true,"href":"https:\/\/test.madridemprende.anovagroup.es\/fr\/wp-json\/wp\/v2\/categories?post=7444"},{"taxonomy":"noticias","embeddable":true,"href":"https:\/\/test.madridemprende.anovagroup.es\/fr\/wp-json\/wp\/v2\/noticias?post=7444"}],"curies":[{"name":"wp","href":"https:\/\/api.w.org\/{rel}","templated":true}]}}