{"id":7450,"date":"2017-06-26T00:00:00","date_gmt":"2017-06-26T00:00:00","guid":{"rendered":"https:\/\/pre.madridemprende.anovagroup.es\/noticias\/seleccionadas-las-semifinalistas-del-premio-emprendedoras-2017\/"},"modified":"2022-06-08T11:24:00","modified_gmt":"2022-06-08T09:24:00","slug":"seleccionadas-las-semifinalistas-del-premio-emprendedoras-2017","status":"publish","type":"noticias","link":"https:\/\/test.madridemprende.anovagroup.es\/fr\/noticias\/seleccionadas-las-semifinalistas-del-premio-emprendedoras-2017\/","title":{"rendered":"Seleccionadas las semifinalistas del Premio Emprendedoras 2017"},"content":{"rendered":"<p class=\\\"MsoNormal\\\" style=\\\"margin-bottom: 10pt;\\\"><span style=\\\"font-size: 12.0pt; font-family: \\'Lato\\',sans-serif; mso-bidi-font-family: ArialMT; color: #262626;\\\">El pasado viernes 23 de junio se celebr\u00f3 la segunda fase del <a href=\\\"\/es\/emprendedores\/premios-de-emprendimiento\/premio-emprendedoras\\\">Premio Emprendedoras 2017<\/a>\u00a0convocado por el Ayuntamiento de Madrid, donde 25 proyectos de cada una de las categor\u00edas, \u201cIdea Emprendedora\u201d y \u201cPremio Empresa\u201d, fueron presentados por sus promotoras en formato \u201celevador pitch\u201d, consistente en una breve presentaci\u00f3n oral de no m\u00e1s de un minuto y medio de duraci\u00f3n.<\/span><\/p>\n<p class=\\\"MsoNormal\\\" style=\\\"margin-bottom: 10pt;\\\"><span style=\\\"font-size: 12.0pt; font-family: \\'Lato\\',sans-serif; mso-bidi-font-family: ArialMT; color: #262626;\\\">El jurado estuvo presidido por la Subdirectora General de Emprendedores y Pymes del Ayuntamiento de Madrid, <\/span><span style=\\\"font-size: 12.0pt; font-family: \\'Lato\\',sans-serif; mso-bidi-font-family: Helvetica; color: #1a1a1a;\\\">que estuvo acompa\u00f1ada por los vocales que representan a cada una de las entidades colaboradoras: Yo Dona, Womenalia, Centro Universitario Villanueva y ASEME.<\/span><\/p>\n<p class=\\\"MsoNormal\\\" style=\\\"margin-bottom: 10pt;\\\"><span style=\\\"font-size: 12.0pt; font-family: \\'Lato\\',sans-serif; mso-bidi-font-family: ArialMT; color: #262626;\\\">El jurado <\/span><span style=\\\"font-size: 12.0pt; font-family: \\'Lato\\',sans-serif; mso-bidi-font-family: Helvetica; color: #1a1a1a;\\\">evalu\u00f3 los 50 proyectos y tras una deliberaci\u00f3n, seleccionaron los siguientes proyectos para su paso a la fase final del Premio Emprendedoras.<\/span><\/p>\n<p class=\\\"MsoNormal\\\" style=\\\"margin-bottom: 10pt;\\\"><strong><span style=\\\"font-size: 12.0pt; font-family: \\'Lato\\',sans-serif; mso-bidi-font-family: Helvetica; color: #1a1a1a;\\\">Categor\u00eda Idea Emprendedora:<\/span><\/strong><\/p>\n<ul>\n<li><span style=\\\"color: #262626; font-family: Lato, sans-serif; font-size: 12pt;\\\">Paula Ba\u00f1uelos Herran, con su proyecto Brave Up una app contra el acoso escolar<\/span><\/li>\n<li><span style=\\\"color: #262626; font-family: Lato, sans-serif; font-size: 12pt;\\\">Amy Tien Chang, con su proyecto La Batidora para emprendedores gastron\u00f3micos.<\/span><\/li>\n<li><span style=\\\"color: #262626; font-family: Lato, sans-serif; font-size: 12pt;\\\">Andrea Garin Villanueva, con su proyecto de e-commerce The Best 5<\/span><\/li>\n<li><span style=\\\"color: #262626; font-family: Lato, sans-serif; font-size: 12pt;\\\">Marina Rincon Torroella, con su proyecto de pr\u00f3tesis est\u00e9tica Silma<\/span><\/li>\n<li><span style=\\\"color: #262626; font-family: Lato, sans-serif; font-size: 12pt;\\\">Lara Teran Trascasa y Lorena Conejero, con su proyecto JarndiNvert, de jardines verticales interiores<\/span><\/li>\n<\/ul>\n<p class=\\\"MsoNormal\\\" style=\\\"margin-bottom: 10pt;\\\"><strong><span style=\\\"font-size: 12.0pt; font-family: \\'Lato\\',sans-serif; mso-bidi-font-family: ArialMT; color: #262626;\\\">Categor\u00eda Empresa<\/span><\/strong><\/p>\n<ul>\n<li><a style=\\\"font-family: Lato, sans-serif; font-size: 12pt;\\\" href=\\\"https:\/\/biohope.eu\/\\\">Biohope Scientific Solutions For Human Health S.L.<\/a><span style=\\\"font-family: Lato, sans-serif; font-size: 12pt;\\\">, representada por Isabel Portero S\u00e1nchez<\/span><\/li>\n<li><a style=\\\"font-family: Lato, sans-serif; font-size: 12pt;\\\" href=\\\"http:\/\/www.bookfitapp.co.uk\/\\\">Bookfit, S.L.<\/a><span style=\\\"color: #262626; font-family: Lato, sans-serif; font-size: 12pt;\\\">, representada por Mar\u00eda G\u00f3mez Villaseca<\/span><\/li>\n<li><span style=\\\"font-size: 12pt; font-family: Lato, sans-serif;\\\"><a href=\\\"https:\/\/www.fabulisttravel.com\/\\\">Fabulist Travel S.L.<\/a>, <\/span><span style=\\\"font-size: 12pt; font-family: Lato, sans-serif; color: #262626;\\\">representada por <\/span><span style=\\\"font-size: 12pt; font-family: Lato, sans-serif;\\\">Ana Olmos Sanz<\/span><\/li>\n<li><span style=\\\"font-size: 12pt; font-family: Lato, sans-serif;\\\"><a href=\\\"http:\/\/sidikai.es\/\\\">Sidikai<\/a>,<\/span><span style=\\\"font-size: 12pt; font-family: Lato, sans-serif; color: #262626;\\\"> representada por <\/span><span style=\\\"font-size: 12pt; font-family: Lato, sans-serif;\\\">Carlota Gramunt Azqueta<\/span><\/li>\n<li><span style=\\\"font-size: 12pt; font-family: Lato, sans-serif;\\\"><a href=\\\"http:\/\/www.skansense.com\/\\\">Skansense S.L.U.<\/a>, <\/span><span style=\\\"font-size: 12pt; font-family: Lato, sans-serif; color: #262626;\\\">representada por <\/span><span style=\\\"font-size: 12pt; font-family: Lato, sans-serif;\\\">Cristina Porcel Magnusson<\/span><\/li>\n<\/ul>\n<p class=\\\"MsoNormal\\\" style=\\\"margin-bottom: 10pt;\\\"><span style=\\\"font-size: 12.0pt; font-family: \\'Lato\\',sans-serif; mso-bidi-font-family: ArialMT; color: #262626;\\\">De estos proyectos finalistas, transcurridos 3 meses de trabajo en su plan de empresa, el jurado elegir\u00e1 tras una Demo Day, los primeros y segundos premios de cada categor\u00eda, que obtendr\u00e1n una dotaci\u00f3n econ\u00f3mica: 6.000 euros en el \u201cPremio Idea Emprendedora\u201d y 10.000 euros para el \u201cPremio Empresa\u201d; y 1.000 euros para los segundos clasificados de cada categor\u00eda.<\/span><\/p>\n<p class=\\\"MsoNormal\\\" style=\\\"margin-bottom: 10pt;\\\"><span style=\\\"font-size: 12.0pt; font-family: \\'Lato\\',sans-serif; mso-bidi-font-family: ArialMT; color: #262626;\\\">A su vez, para ambos proyectos ganadores, se realizar\u00e1 una entrevista en la revista <a href=\\\"http:\/\/www.elmundo.es\/yodona.html\\\" target=\\\"_blank\\\">Yo Dona<\/a>, acceso a la oferta formativa del \u00c1rea de Empresa del a\u00f1o en curso del<a href=\\\"http:\/\/www.villanueva.edu\/\\\" target=\\\"_blank\\\"> Centro Universitario Villanueva<\/a>, se realizar\u00e1 una entrevista en <a href=\\\"https:\/\/www.womenalia.com\/es\/\\\" target=\\\"_blank\\\">Womenalia<\/a>, publicidad en Womenews, display de bot\u00f3n en Womenalia y difusi\u00f3n en redes sociales; y cuota de socia gratuita de la <a href=\\\"http:\/\/aseme.es\/\\\" target=\\\"_blank\\\">Asociaci\u00f3n Espa\u00f1ola de Mujeres Empresarias<\/a>\u00a0(ASEME) durante 1 a\u00f1o y difusi\u00f3n en dicha asociaci\u00f3n.<\/span><\/p>\n<p class=\\\"MsoNormal\\\" style=\\\"margin-bottom: 10pt;\\\"><span style=\\\"font-size: 12.0pt; font-family: \\'Lato\\',sans-serif; mso-bidi-font-family: ArialMT; color: #262626;\\\">Este a\u00f1o han participado en el premio un total de 243 mujeres, con 171 solicitudes para la categor\u00eda \u201cPremio Idea Emprendedora 2017\u201d y 72 solicitudes a la categor\u00eda \u201cPremio Empresa 2017\u201d. Gracias a estas iniciativas se pretende seguir dando visibilidad y apoyo al colectivo de mujeres emprendedoras, siendo \u00e9stas parte del tejido empresarial que mueve la ciudad de Madrid.\u00a0<\/p>\n<p>Puedes ver mas fotos\u00a0<a href=\\\"https:\/\/www.facebook.com\/media\/set\/?set=a.10155312747752165.1073741862.151754117164&#038;type=1&#038;l=c61df4c37f\\\" target=\\\"_blank\\\">AQUI<\/a><\/p>\n<p><a href=\\\"https:\/\/twitter.com\/search?q=%23Emprendedoras17&#038;src=typd\\\" target=\\\"_blank\\\">#Emprendedoras17<\/a><\/p>\n<p>Enhorabuena a todas las participantes!<\/span><\/p>\n","protected":false},"excerpt":{"rendered":"<p>El pasado viernes 23 de junio se celebr\u00f3 la segunda fase del Premio&#8230;<\/p>\n","protected":false},"featured_media":7451,"template":"","meta":{"_acf_changed":false},"categories":[],"noticias":[],"class_list":["post-7450","noticias","type-noticias","status-publish","has-post-thumbnail","hentry"],"acf":[],"_links":{"self":[{"href":"https:\/\/test.madridemprende.anovagroup.es\/fr\/wp-json\/wp\/v2\/noticias\/7450"}],"collection":[{"href":"https:\/\/test.madridemprende.anovagroup.es\/fr\/wp-json\/wp\/v2\/noticias"}],"about":[{"href":"https:\/\/test.madridemprende.anovagroup.es\/fr\/wp-json\/wp\/v2\/types\/noticias"}],"version-history":[{"count":0,"href":"https:\/\/test.madridemprende.anovagroup.es\/fr\/wp-json\/wp\/v2\/noticias\/7450\/revisions"}],"wp:featuredmedia":[{"embeddable":true,"href":"https:\/\/test.madridemprende.anovagroup.es\/fr\/wp-json\/wp\/v2\/media\/7451"}],"wp:attachment":[{"href":"https:\/\/test.madridemprende.anovagroup.es\/fr\/wp-json\/wp\/v2\/media?parent=7450"}],"wp:term":[{"taxonomy":"category","embeddable":true,"href":"https:\/\/test.madridemprende.anovagroup.es\/fr\/wp-json\/wp\/v2\/categories?post=7450"},{"taxonomy":"noticias","embeddable":true,"href":"https:\/\/test.madridemprende.anovagroup.es\/fr\/wp-json\/wp\/v2\/noticias?post=7450"}],"curies":[{"name":"wp","href":"https:\/\/api.w.org\/{rel}","templated":true}]}}