{"id":7452,"date":"2017-06-14T00:00:00","date_gmt":"2017-06-14T00:00:00","guid":{"rendered":"https:\/\/pre.madridemprende.anovagroup.es\/noticias\/clausura-de-los-cursos-esemp\/"},"modified":"2022-06-08T11:24:02","modified_gmt":"2022-06-08T09:24:02","slug":"clausura-de-los-cursos-esemp","status":"publish","type":"noticias","link":"https:\/\/test.madridemprende.anovagroup.es\/fr\/noticias\/clausura-de-los-cursos-esemp\/","title":{"rendered":"Clausura de los cursos eSemp"},"content":{"rendered":"<p>El pasado 12 de Junio se celebr\u00f3 en Madrid la clausura de la 11\u00aa Edici\u00f3n de los Cursos eSemp (Escuela Secot de Emprendedores). Los cursos se imparten a lo largo de todo el a\u00f1o por Seniors colaboradores de Secot y versan sobre todos los \u00e1mbitos de la empresa y el emprendimiento, los cursos no tienen coste para los alumnos y hasta la fecha en estos cursos han participado m\u00e1s de 500 alumnos.<\/p>\n<p>El evento cont\u00f3 con la participaci\u00f3n de directivos de la Fundaci\u00f3n Rafael del Pino y de la empresa Seeliger y Conde y, en representaci\u00f3n del Ayuntamiento de Madrid, asisti\u00f3 la Directora General de Comercio y Emprendimiento, Concha D\u00edaz de Villegas, quien destac\u00f3 que \u201ceSemp es importante por la experiencia y madurez que aportan los Seniors que son capaces de inspirar y evocar\u201d.<\/p>\n","protected":false},"excerpt":{"rendered":"<p>El pasado 12 de Junio se celebr\u00f3 en Madrid la clausura de la 11\u00aa Edici\u00f3n de&#8230;<\/p>\n","protected":false},"featured_media":7453,"template":"","meta":{"_acf_changed":false},"categories":[],"noticias":[],"class_list":["post-7452","noticias","type-noticias","status-publish","has-post-thumbnail","hentry"],"acf":[],"_links":{"self":[{"href":"https:\/\/test.madridemprende.anovagroup.es\/fr\/wp-json\/wp\/v2\/noticias\/7452"}],"collection":[{"href":"https:\/\/test.madridemprende.anovagroup.es\/fr\/wp-json\/wp\/v2\/noticias"}],"about":[{"href":"https:\/\/test.madridemprende.anovagroup.es\/fr\/wp-json\/wp\/v2\/types\/noticias"}],"version-history":[{"count":0,"href":"https:\/\/test.madridemprende.anovagroup.es\/fr\/wp-json\/wp\/v2\/noticias\/7452\/revisions"}],"wp:featuredmedia":[{"embeddable":true,"href":"https:\/\/test.madridemprende.anovagroup.es\/fr\/wp-json\/wp\/v2\/media\/7453"}],"wp:attachment":[{"href":"https:\/\/test.madridemprende.anovagroup.es\/fr\/wp-json\/wp\/v2\/media?parent=7452"}],"wp:term":[{"taxonomy":"category","embeddable":true,"href":"https:\/\/test.madridemprende.anovagroup.es\/fr\/wp-json\/wp\/v2\/categories?post=7452"},{"taxonomy":"noticias","embeddable":true,"href":"https:\/\/test.madridemprende.anovagroup.es\/fr\/wp-json\/wp\/v2\/noticias?post=7452"}],"curies":[{"name":"wp","href":"https:\/\/api.w.org\/{rel}","templated":true}]}}