{"id":7458,"date":"2017-07-03T00:00:00","date_gmt":"2017-07-03T00:00:00","guid":{"rendered":"https:\/\/pre.madridemprende.anovagroup.es\/noticias\/entrega-de-premios-del-iii-campeonato-de-energa-con-conciencia-de-la-fundacin-repsol\/"},"modified":"2022-06-08T11:24:00","modified_gmt":"2022-06-08T09:24:00","slug":"entrega-de-premios-del-iii-campeonato-de-energa-con-conciencia-de-la-fundacin-repsol","status":"publish","type":"noticias","link":"https:\/\/test.madridemprende.anovagroup.es\/fr\/noticias\/entrega-de-premios-del-iii-campeonato-de-energa-con-conciencia-de-la-fundacin-repsol\/","title":{"rendered":"Entrega de premios del III Campeonato de Energ\u00eda con Conciencia de la Fundaci\u00f3n Repsol"},"content":{"rendered":"<p class=\\\"MsoNormal\\\" style=\\\"margin-bottom: 6.0pt; text-align: justify;\\\"><span lang=\\\"ES-TRAD\\\" style=\\\"font-size: 10pt; font-family: Helvetica, sans-serif;\\\">El Ayuntamiento de Madrid, a trav\u00e9s de la DG de Comercio y Emprendimiento, ha vuelto a <\/span><span lang=\\\"ES-TRAD\\\" style=\\\"font-size: 10.0pt; font-family: \\'Helvetica\\',\\'sans-serif\\'; mso-bidi-font-family: \\'Times New Roman\\'; mso-fareast-language: ES-TRAD;\\\">participar con la Fundaci\u00f3n Repsol en el III Campeonato de Energ\u00eda con conciencia gracias a la fluida colaboraci\u00f3n existente entre ambas instituciones. <\/span><\/p>\n<p class=\\\"MsoNormal\\\" style=\\\"margin-bottom: 6.0pt; text-align: justify;\\\"><span lang=\\\"ES-TRAD\\\" style=\\\"font-size: 10.0pt; font-family: \\'Helvetica\\',\\'sans-serif\\'; mso-bidi-font-family: \\'Times New Roman\\'; mso-fareast-language: ES-TRAD;\\\">Este programa, una iniciativa de la Fundaci\u00f3n Repsol, nace con el objetivo de concienciar a las futuras generaciones sobre la importancia de realizar un uso responsable de los recursos energ\u00e9ticos -y en especial de los centros p\u00fablicos donde cursan estudios-, adem\u00e1s de despertar el inter\u00e9s por la ciencia y el respeto al medio ambiente.<\/span><\/p>\n<p class=\\\"MsoNormal\\\" style=\\\"margin-bottom: 6.0pt; text-align: justify;\\\"><em><span lang=\\\"ES-TRAD\\\" style=\\\"font-size: 10.0pt; font-family: \\'Helvetica\\',\\'sans-serif\\'; mso-bidi-font-family: \\'Times New Roman\\'; mso-fareast-language: ES-TRAD;\\\">Energ\u00eda con conciencia <\/span><\/em><span lang=\\\"ES-TRAD\\\" style=\\\"font-size: 10.0pt; font-family: \\'Helvetica\\',\\'sans-serif\\'; mso-bidi-font-family: \\'Times New Roman\\'; mso-fareast-language: ES-TRAD;\\\">acerca al \u00e1mbito acad\u00e9mico el mundo de la eficiencia energ\u00e9tica, mediante el desarrollo de auditor\u00edas energ\u00e9ticas en los centros educativos donde los estudiantes de 3\u00ba y 4\u00ba de Educaci\u00f3n Secundaria Obligatoria (ESO), desarrollan una serie de talleres y actividades cient\u00edficas experimentales, participativas y educativas, que fomentan habilidades de investigaci\u00f3n, creatividad\u00a0 y\u00a0 trabajo\u00a0 en\u00a0 equipo.<\/span><\/p>\n<p class=\\\"MsoNormal\\\" style=\\\"margin-bottom: 6.0pt; text-align: justify;\\\"><span lang=\\\"ES-TRAD\\\" style=\\\"font-size: 10.0pt; font-family: \\'Helvetica\\',\\'sans-serif\\'; mso-bidi-font-family: \\'Times New Roman\\'; mso-fareast-language: ES-TRAD;\\\">Este evento pone fin a la III edici\u00f3n del proyecto Energ\u00eda con conciencia, donde los 5 mejores equipos participaron en la gran final. Durante el evento los j\u00f3venes explicaron su proyecto de mejora energ\u00e9tica frente al jurado -donde hubo representantes del Ayuntamiento de Madrid-, y al resto de finalistas. <\/span><\/p>\n<p class=\\\"MsoNormal\\\" style=\\\"margin-bottom: 6.0pt; text-align: justify;\\\"><span lang=\\\"ES-TRAD\\\" style=\\\"font-size: 10pt; font-family: Helvetica, sans-serif;\\\">En esta edici\u00f3n de 2017, el\u00a0<strong>Campeonato Energ\u00eda con conciencia<\/strong>\u00a0<strong>se han presentado un total de 34 centros<\/strong>, entre los que se han seleccionado los cinco finalistas que participaron y tras la deliberaci\u00f3n del jurado y las votaciones a trav\u00e9s de Facebook, los ganadores fueron: <\/span><\/p>\n<ul style=\\\"margin-top: 0cm;\\\" type=\\\"square\\\">\n<li class=\\\"MsoNormal\\\" style=\\\"margin-bottom: 6pt; text-align: justify;\\\"><span lang=\\\"ES-TRAD\\\" style=\\\"font-size: 10.0pt; font-family: \\'Helvetica\\',\\'sans-serif\\'; mso-bidi-font-family: \\'Times New Roman\\'; mso-fareast-language: ES-TRAD;\\\">1er clasificado: IES San Juan Bautista de la Concepci\u00f3n (Almod\u00f3var del campo, Ciudad Real), ha recibido 7.000 euros<\/span><\/li>\n<li class=\\\"MsoNormal\\\" style=\\\"margin-bottom: 6pt; text-align: justify;\\\"><span lang=\\\"ES-TRAD\\\" style=\\\"font-size: 10.0pt; font-family: \\'Helvetica\\',\\'sans-serif\\'; mso-bidi-font-family: \\'Times New Roman\\'; mso-fareast-language: ES-TRAD;\\\">2\u00ba clasificado: INS Berenguer D \u0301Enten\u00e7a (L\u2019Hospitalet de l\u2019Infant, Tarragona), ha recibido 3.000 euros <\/span><\/li>\n<\/ul>\n<p class=\\\"MsoNormal\\\" style=\\\"margin-bottom: 6.0pt; text-align: justify;\\\"><span lang=\\\"ES-TRAD\\\" style=\\\"font-size: 10.0pt; font-family: \\'Helvetica\\',\\'sans-serif\\'; mso-bidi-font-family: \\'Times New Roman\\'; mso-fareast-language: ES-TRAD;\\\">Estos premios servir\u00e1n en ambos casos para desarrollar la propuesta que han presentado en este certamen, consistente en una auditor\u00eda de su centro educativo para evaluar y proponer mejoras energ\u00e9ticas.<\/span><\/p>\n<p class=\\\"MsoNormal\\\" style=\\\"margin-bottom: 6.0pt; text-align: justify;\\\"><span lang=\\\"ES-TRAD\\\" style=\\\"font-size: 10pt; font-family: Helvetica, sans-serif;\\\">La entrega del segundo premio corri\u00f3 a cargo de la Directora General de Comercio y Emprendimiento, Concha D\u00edaz de Villegas.<\/span><\/p>\n","protected":false},"excerpt":{"rendered":"<p>El Ayuntamiento de Madrid, a trav\u00e9s de la DG de Comercio y Emprendimiento,&#8230;<\/p>\n","protected":false},"featured_media":7459,"template":"","meta":{"_acf_changed":false},"categories":[],"noticias":[],"class_list":["post-7458","noticias","type-noticias","status-publish","has-post-thumbnail","hentry"],"acf":[],"_links":{"self":[{"href":"https:\/\/test.madridemprende.anovagroup.es\/fr\/wp-json\/wp\/v2\/noticias\/7458"}],"collection":[{"href":"https:\/\/test.madridemprende.anovagroup.es\/fr\/wp-json\/wp\/v2\/noticias"}],"about":[{"href":"https:\/\/test.madridemprende.anovagroup.es\/fr\/wp-json\/wp\/v2\/types\/noticias"}],"version-history":[{"count":0,"href":"https:\/\/test.madridemprende.anovagroup.es\/fr\/wp-json\/wp\/v2\/noticias\/7458\/revisions"}],"wp:featuredmedia":[{"embeddable":true,"href":"https:\/\/test.madridemprende.anovagroup.es\/fr\/wp-json\/wp\/v2\/media\/7459"}],"wp:attachment":[{"href":"https:\/\/test.madridemprende.anovagroup.es\/fr\/wp-json\/wp\/v2\/media?parent=7458"}],"wp:term":[{"taxonomy":"category","embeddable":true,"href":"https:\/\/test.madridemprende.anovagroup.es\/fr\/wp-json\/wp\/v2\/categories?post=7458"},{"taxonomy":"noticias","embeddable":true,"href":"https:\/\/test.madridemprende.anovagroup.es\/fr\/wp-json\/wp\/v2\/noticias?post=7458"}],"curies":[{"name":"wp","href":"https:\/\/api.w.org\/{rel}","templated":true}]}}