{"id":7470,"date":"2017-07-24T00:00:00","date_gmt":"2017-07-24T00:00:00","guid":{"rendered":"https:\/\/pre.madridemprende.anovagroup.es\/noticias\/as-luci-madrid-capital-de-moda-y-sus-zonas-comerciales-en-callao-city-lights\/"},"modified":"2022-06-08T11:23:59","modified_gmt":"2022-06-08T09:23:59","slug":"as-luci-madrid-capital-de-moda-y-sus-zonas-comerciales-en-callao-city-lights","status":"publish","type":"noticias","link":"https:\/\/test.madridemprende.anovagroup.es\/fr\/noticias\/as-luci-madrid-capital-de-moda-y-sus-zonas-comerciales-en-callao-city-lights\/","title":{"rendered":"As\u00ed luci\u00f3 Madrid Capital de Moda y sus zonas comerciales en Callao City Lights"},"content":{"rendered":"<p>En el siguiente v\u00eddeo podr\u00e1s comprobar como lucieron las zonas comerciales de Madrid impulsadas desde el proyecto <a href=\\\"http:\/\/www.madridcapitaldemoda.com\/\\\" target=\\\"_blank\\\">Madrid Capital de Moda-Madrid Fashion Capital <\/a>en una de las pantallas gigantes de la Plaza de Callao, gracias a <a href=\\\"http:\/\/www.callaocitylights.es\/\\\" target=\\\"_blank\\\">Callao City Ligths<\/a>, empresa especializada en <em>digital signage <\/em>y responsable de su instalaci\u00f3n<\/p>\n<p><iframe src=\\\"https:\/\/www.youtube.com\/embed\/3wnmyP_K20U\\\" width=\\\"596\\\" height=\\\"320\\\" frameborder=\\\"0\\\" allowfullscreen=\\\"\\\"><\/iframe><\/p>\n","protected":false},"excerpt":{"rendered":"<p>En el siguiente v\u00eddeo podr\u00e1s comprobar como lucieron las zonas comerciales&#8230;<\/p>\n","protected":false},"featured_media":7471,"template":"","meta":{"_acf_changed":false},"categories":[],"noticias":[],"class_list":["post-7470","noticias","type-noticias","status-publish","has-post-thumbnail","hentry"],"acf":[],"_links":{"self":[{"href":"https:\/\/test.madridemprende.anovagroup.es\/fr\/wp-json\/wp\/v2\/noticias\/7470"}],"collection":[{"href":"https:\/\/test.madridemprende.anovagroup.es\/fr\/wp-json\/wp\/v2\/noticias"}],"about":[{"href":"https:\/\/test.madridemprende.anovagroup.es\/fr\/wp-json\/wp\/v2\/types\/noticias"}],"version-history":[{"count":0,"href":"https:\/\/test.madridemprende.anovagroup.es\/fr\/wp-json\/wp\/v2\/noticias\/7470\/revisions"}],"wp:featuredmedia":[{"embeddable":true,"href":"https:\/\/test.madridemprende.anovagroup.es\/fr\/wp-json\/wp\/v2\/media\/7471"}],"wp:attachment":[{"href":"https:\/\/test.madridemprende.anovagroup.es\/fr\/wp-json\/wp\/v2\/media?parent=7470"}],"wp:term":[{"taxonomy":"category","embeddable":true,"href":"https:\/\/test.madridemprende.anovagroup.es\/fr\/wp-json\/wp\/v2\/categories?post=7470"},{"taxonomy":"noticias","embeddable":true,"href":"https:\/\/test.madridemprende.anovagroup.es\/fr\/wp-json\/wp\/v2\/noticias?post=7470"}],"curies":[{"name":"wp","href":"https:\/\/api.w.org\/{rel}","templated":true}]}}