{"id":7476,"date":"2017-08-08T00:00:00","date_gmt":"2017-08-08T00:00:00","guid":{"rendered":"https:\/\/pre.madridemprende.anovagroup.es\/noticias\/apertura-de-inscripciones-cursos-esemp-del-ciclo-12\/"},"modified":"2022-06-08T11:23:58","modified_gmt":"2022-06-08T09:23:58","slug":"apertura-de-inscripciones-cursos-esemp-del-ciclo-12","status":"publish","type":"noticias","link":"https:\/\/test.madridemprende.anovagroup.es\/fr\/noticias\/apertura-de-inscripciones-cursos-esemp-del-ciclo-12\/","title":{"rendered":"Apertura de inscripciones cursos eSemp del ciclo 12"},"content":{"rendered":"<p>Este ciclo se estrenan tres nuevas Jornadas-Taller eminentemente pr\u00e1cticas:<\/p>\n<ul>\n<li><a href=\\\"https:\/\/sites.google.com\/site\/escuelasecotdeemprendedores\/oferta-formativa\/talleres-formativos\/aprendiendo-a-emprender-potencia-tu-marca-personal\\\">Aprendiendo a emprender: Potencia tu marca personal<\/a>. (23 y 24 octubre de 16 a 20h)<a href=\\\"https:\/\/sites.google.com\/site\/escuelasecotdeemprendedores\/oferta-formativa\/talleres-formativos\/aprendiendo-a-emprender-potencia-tu-marca-personal\\\"><br \/><\/a><\/li>\n<li><a href=\\\"https:\/\/sites.google.com\/site\/escuelasecotdeemprendedores\/oferta-formativa\/talleres-formativos\/como-informatizar-tu-negocio\\\">C\u00f3mo informatizar tu negocio<\/a>. (6 y 7 noviembre de 16 a 20 h)<\/li>\n<li><a href=\\\"https:\/\/sites.google.com\/site\/escuelasecotdeemprendedores\/oferta-formativa\/talleres-formativos\/como-construir-un-sitio-web-partiendo-de-cero-con-tecnologia-google\\\">C\u00f3mo construir un sitio Web partiendo de cero con tecnolog\u00eda Google<\/a>. (14 y 15 noviembre de 10 a 14h)<\/li>\n<\/ul>\n<p>Y adem\u00e1s, contin\u00faa la oferta habitual de Cursos y Seminarios:<\/p>\n<p>El curso de <a href=\\\"https:\/\/sites.google.com\/site\/escuelasecotdeemprendedores\/oferta-formativa\/marketing\\\">Iniciaci\u00f3n al Marketing y a la Gesti\u00f3n Comercial<\/a> est\u00e1 pensado para que adquieras amplios conocimientos generales de marketing y ventas, as\u00ed como, herramientas para la mejora de tu negocio<em>. <br \/>Del 11 de Septiembre al 11 de Octubre; Lunes, Mi\u00e9rcoles y Viernes de 10 a 14h.<\/em><\/p>\n<p>El curso de <a href=\\\"https:\/\/sites.google.com\/site\/escuelasecotdeemprendedores\/oferta-formativa\/gestion-financiero-admva\\\">La gesti\u00f3n financiero administrativa en una PYME o micro-empresa<\/a> es al curso que debes apuntarte si quieres conocer la repercusi\u00f3n econ\u00f3mica del coste de los recursos humanos, de la fiscalidad seg\u00fan el tipo de forma jur\u00eddica de la empresa, la contabilidad y tipos de costes, la financiaci\u00f3n y c\u00f3mo elaborar un plan econ\u00f3mico financiero. <br \/><em>Del 12 de Septiembre al 24 de Octubre; Martes y Jueves de 10 a 14h.<\/em><\/p>\n<p>El curso de\u00a0<a href=\\\"https:\/\/sites.google.com\/site\/escuelasecotdeemprendedores\/oferta-formativa\/curso-1-formacion-integral-para-el-emprendimiento\\\">Formaci\u00f3n Integral para el emprendimiento<\/a> es tu curso si quieres tener los conocimientos fundamentales y una visi\u00f3n global en los \u00e1mbitos de gesti\u00f3n, marketing, comercial, legal y financiero de la empresa.<br \/> <em>Del 16 de Octubre al 29 de Noviembre; Lunes, Mi\u00e9rcoles y Viernes de 10 a 14h.<\/em><\/p>\n<p>Ap\u00fantate al curso de\u00a0<a href=\\\"https:\/\/sites.google.com\/site\/escuelasecotdeemprendedores\/oferta-formativa\/habilidadesyconocimientos\\\">Competencias y habilidades del emprendedor<\/a> si deseas conocer las habilidades organizativas, t\u00e9cnicas y personales que necesitas para desarrollar tu proyecto emprendedor. <br \/><em>Del 26 de Octubre al 5 de Diciembre; Martes y Jueves de 10 a 14h.<\/em><\/p>\n<p>Tienes que realizar un <a href=\\\"https:\/\/sites.google.com\/site\/escuelasecotdeemprendedores\/oferta-formativa\/seminario-plan-de-empresa\\\">Seminario Plan de Empresa<\/a> si est\u00e1s pensando en un proyecto de emprendimiento y no tienes ni idea de los compromisos que ello comporta. Es tu curso si tienes prisa por empezar antes de que otros se te adelanten (dura solo 6 d\u00edas). <br \/><em>Hay 4 convocatorias: Septiembre: 21+25 a 29 sept. (10 a 14h); Octubre:19+23 a 27 oct. (16 a 20h); Noviembre: 16+20 a 24 nov. (16 a 20h); Diciembre: 5+11 a 15 dic. (10 a 14h).<\/em><\/p>\n<p>Tienes que asistir a un\u00a0<a href=\\\"https:\/\/sites.google.com\/site\/escuelasecotdeemprendedores\/oferta-formativa\/curso-6-seminario-lean-startup\\\">Seminario Lean Startup<\/a><strong>, <\/strong>si quieres emprender, pero todav\u00eda no te has hecho las preguntas necesarias que debe plantearse todo emprendedor. <br \/><em>Hay 2 convocatorias: Octubre: 25 y 26 (16 a 20h) y Noviembre: 22 y 23 (10 a 14h).<\/em><\/p>\n<p>\u00bfEres emprendedor, pero no sabes utilizar las redes sociales aplicadas a tu negocio? Si eso es as\u00ed, tienes que asistir a una de nuestras sesiones de <a href=\\\"https:\/\/sites.google.com\/site\/escuelasecotdeemprendedores\/curso-7-estrategia-digital-en-rr-ss-para-los-negocios\\\">Estrategia de RR.SS. para los negocios<\/a><strong>. <br \/><\/strong><em>Hay 2 convocatorias: Octubre: 16 y 17 (16 a 20h) y Noviembre 20 y 21 (10 a 14h).<\/em><\/p>\n<p>El plazo de inscripci\u00f3n finaliza 5 d\u00edas antes del comienzo de cada curso. Revisa detenidamente las convocatorias para llegar a tiempo. Inscr\u00edbete cuanto antes, ya que por razones de organizaci\u00f3n, la Escuela se reserva el derecho a cerrar la inscripci\u00f3n antes de este plazo, una vez cubiertas las plazas.<\/p>\n<p> Consulta\u00a0<a href=\\\"https:\/\/sites.google.com\/site\/escuelasecotdeemprendedores\/oferta-formativa\\\">AQU\u00cd<\/a>\u00a0la oferta formativa, calendarios y horarios.<\/p>\n","protected":false},"excerpt":{"rendered":"<p>Este ciclo se estrenan tres nuevas Jornadas-Taller eminentemente&#8230;<\/p>\n","protected":false},"featured_media":7477,"template":"","meta":{"_acf_changed":false},"categories":[],"noticias":[],"class_list":["post-7476","noticias","type-noticias","status-publish","has-post-thumbnail","hentry"],"acf":[],"_links":{"self":[{"href":"https:\/\/test.madridemprende.anovagroup.es\/fr\/wp-json\/wp\/v2\/noticias\/7476"}],"collection":[{"href":"https:\/\/test.madridemprende.anovagroup.es\/fr\/wp-json\/wp\/v2\/noticias"}],"about":[{"href":"https:\/\/test.madridemprende.anovagroup.es\/fr\/wp-json\/wp\/v2\/types\/noticias"}],"version-history":[{"count":0,"href":"https:\/\/test.madridemprende.anovagroup.es\/fr\/wp-json\/wp\/v2\/noticias\/7476\/revisions"}],"wp:featuredmedia":[{"embeddable":true,"href":"https:\/\/test.madridemprende.anovagroup.es\/fr\/wp-json\/wp\/v2\/media\/7477"}],"wp:attachment":[{"href":"https:\/\/test.madridemprende.anovagroup.es\/fr\/wp-json\/wp\/v2\/media?parent=7476"}],"wp:term":[{"taxonomy":"category","embeddable":true,"href":"https:\/\/test.madridemprende.anovagroup.es\/fr\/wp-json\/wp\/v2\/categories?post=7476"},{"taxonomy":"noticias","embeddable":true,"href":"https:\/\/test.madridemprende.anovagroup.es\/fr\/wp-json\/wp\/v2\/noticias?post=7476"}],"curies":[{"name":"wp","href":"https:\/\/api.w.org\/{rel}","templated":true}]}}