{"id":7484,"date":"2017-09-19T00:00:00","date_gmt":"2017-09-19T00:00:00","guid":{"rendered":"https:\/\/pre.madridemprende.anovagroup.es\/noticias\/comercios-y-establecimientos-hosteleros-ocupan-la-calle-en-el-parking-day-2017\/"},"modified":"2022-06-08T11:23:57","modified_gmt":"2022-06-08T09:23:57","slug":"comercios-y-establecimientos-hosteleros-ocupan-la-calle-en-el-parking-day-2017","status":"publish","type":"noticias","link":"https:\/\/test.madridemprende.anovagroup.es\/fr\/noticias\/comercios-y-establecimientos-hosteleros-ocupan-la-calle-en-el-parking-day-2017\/","title":{"rendered":"Comercios y establecimientos hosteleros ocupan la calle en el Park(ing) Day 2017."},"content":{"rendered":"<p class=\\\"MsoNormal\\\" style=\\\"text-align: justify; background: white;\\\"><span lang=\\\"ES-TRAD\\\" style=\\\"font-family: \\'Lato\\',sans-serif; mso-fareast-font-family: \\'Times New Roman\\'; mso-bidi-font-family: \\'Times New Roman\\'; color: #666666; mso-fareast-language: ES-TRAD;\\\">Este evento que se celebra desde el a\u00f1o 2013, pretende llamar la atenci\u00f3n sobre el espacio ocupado por los veh\u00edculos y la necesidad de crear y recuperar el espacio p\u00fablico de las ciudades y mejorar el paisaje y la calidad de vida de sus ciudadanos. De esta forma la ciudadan\u00eda toma conciencia sobre el destino que estamos dando al espacio de nuestra ciudad. <\/span><\/p>\n<p class=\\\"MsoNormal\\\" style=\\\"text-align: justify; background: white;\\\"><span lang=\\\"ES-TRAD\\\" style=\\\"font-family: \\'Lato\\',sans-serif; mso-fareast-font-family: \\'Times New Roman\\'; mso-bidi-font-family: \\'Times New Roman\\'; color: #666666; mso-fareast-language: ES-TRAD;\\\">\u00a0<\/span><\/p>\n<p class=\\\"MsoNormal\\\" style=\\\"text-align: justify; background: white;\\\"><span lang=\\\"ES-TRAD\\\" style=\\\"font-family: \\'Lato\\',sans-serif; mso-fareast-font-family: \\'Times New Roman\\'; mso-bidi-font-family: \\'Times New Roman\\'; color: #666666; mso-fareast-language: ES-TRAD;\\\">Un a\u00f1o m\u00e1s los comercios y establecimientos de varios barrios de la capital, como de Salesas, Lavapi\u00e9s y Malasa\u00f1a, salieron a la calle ocupando plazas de aparcamiento para exhibir y vender sus productos y servicios a modo de <em>street market<\/em> , tales como:<\/p>\n<p><\/span><\/p>\n<ul>\n<li><span lang=\\\"ES-TRAD\\\" style=\\\"font-size: 12pt;\\\">Presentaci\u00f3n de productos de cosm\u00e9tica natural y packaging reciclado<\/span><\/li>\n<li><span lang=\\\"ES-TRAD\\\" style=\\\"font-size: 12pt;\\\">Jardines verdes dentro de zonas de aparcamiento<\/span><\/li>\n<li><span lang=\\\"ES-TRAD\\\" style=\\\"text-align: justify; text-indent: -18pt; font-family: Lato, sans-serif; color: #666666;\\\">Pintura<\/span>\n<p class=\\\"MsoListParagraph\\\" style=\\\"text-align: justify; text-indent: -18.0pt; mso-list: l0 level1 lfo1; background: white;\\\">\u00a0<\/p>\n<\/li>\n<li><span lang=\\\"ES-TRAD\\\" style=\\\"text-align: justify; text-indent: -18pt; font-family: Lato, sans-serif; color: #666666;\\\">Ilustraci\u00f3n<\/span><\/li>\n<li><span lang=\\\"ES-TRAD\\\" style=\\\"text-align: justify; text-indent: -18pt; font-family: Lato, sans-serif; color: #666666;\\\">Poes\u00eda<\/span><\/li>\n<li><span lang=\\\"ES-TRAD\\\" style=\\\"text-indent: -18pt; color: #666666; font-family: Lato, sans-serif; text-align: justify;\\\">Degustaci\u00f3n de pan sin gluten<\/span><\/li>\n<li><span lang=\\\"ES-TRAD\\\" style=\\\"text-indent: -18pt; color: #666666; font-family: Lato, sans-serif; text-align: justify;\\\">Huerto urbano<\/span><\/li>\n<li><span lang=\\\"ES-TRAD\\\" style=\\\"text-indent: -18pt; color: #666666; font-family: Lato, sans-serif; text-align: justify;\\\">Talleres de reciclaje(con botellas de pl\u00e1stico)<\/span><\/li>\n<li><span lang=\\\"ES-TRAD\\\" style=\\\"text-indent: -18pt; color: #666666; font-family: Lato, sans-serif; text-align: justify;\\\">Moda en la calle<\/span><\/li>\n<li><span lang=\\\"ES-TRAD\\\" style=\\\"text-indent: -18pt; color: #666666; font-family: Lato, sans-serif; text-align: justify;\\\">&#8230;<\/span><\/li>\n<\/ul>\n<p class=\\\"MsoNormal\\\" style=\\\"text-align: justify;\\\"><span lang=\\\"ES-TRAD\\\" style=\\\"font-family: \\'Lato\\',sans-serif; mso-fareast-font-family: \\'Times New Roman\\'; mso-bidi-font-family: \\'Times New Roman\\'; color: #666666; mso-fareast-language: ES-TRAD;\\\">Entre los establecimientos participantes se encontraron Farmacia Lavapies-Apivita, Como Vaca Sin Cencerro, Herbolario El Druida, Juan Raro, Donde da la vuelta el Viento, EQUO, La mejor Flor Bar, Bar Amor, Salesa Village\u00a0\u00a0 \u00a0FanFanMadrid, Woodspin, Fatima Beltran, Srta Manu, Lovefield, BlackCherry.<\/span><\/p>\n<p>\u00a0<\/p>\n","protected":false},"excerpt":{"rendered":"<p>Este evento que se celebra desde el a\u00f1o 2013, pretende llamar la atenci\u00f3n&#8230;<\/p>\n","protected":false},"featured_media":7485,"template":"","meta":{"_acf_changed":false},"categories":[],"noticias":[],"class_list":["post-7484","noticias","type-noticias","status-publish","has-post-thumbnail","hentry"],"acf":[],"_links":{"self":[{"href":"https:\/\/test.madridemprende.anovagroup.es\/fr\/wp-json\/wp\/v2\/noticias\/7484"}],"collection":[{"href":"https:\/\/test.madridemprende.anovagroup.es\/fr\/wp-json\/wp\/v2\/noticias"}],"about":[{"href":"https:\/\/test.madridemprende.anovagroup.es\/fr\/wp-json\/wp\/v2\/types\/noticias"}],"version-history":[{"count":0,"href":"https:\/\/test.madridemprende.anovagroup.es\/fr\/wp-json\/wp\/v2\/noticias\/7484\/revisions"}],"wp:featuredmedia":[{"embeddable":true,"href":"https:\/\/test.madridemprende.anovagroup.es\/fr\/wp-json\/wp\/v2\/media\/7485"}],"wp:attachment":[{"href":"https:\/\/test.madridemprende.anovagroup.es\/fr\/wp-json\/wp\/v2\/media?parent=7484"}],"wp:term":[{"taxonomy":"category","embeddable":true,"href":"https:\/\/test.madridemprende.anovagroup.es\/fr\/wp-json\/wp\/v2\/categories?post=7484"},{"taxonomy":"noticias","embeddable":true,"href":"https:\/\/test.madridemprende.anovagroup.es\/fr\/wp-json\/wp\/v2\/noticias?post=7484"}],"curies":[{"name":"wp","href":"https:\/\/api.w.org\/{rel}","templated":true}]}}