{"id":7486,"date":"2017-09-21T00:00:00","date_gmt":"2017-09-21T00:00:00","guid":{"rendered":"https:\/\/pre.madridemprende.anovagroup.es\/noticias\/fashion-startup-awards-ceremony\/"},"modified":"2022-06-08T11:23:57","modified_gmt":"2022-06-08T09:23:57","slug":"fashion-startup-awards-ceremony","status":"publish","type":"noticias","link":"https:\/\/test.madridemprende.anovagroup.es\/fr\/noticias\/fashion-startup-awards-ceremony\/","title":{"rendered":"Fashion Startup Awards Ceremony"},"content":{"rendered":"<p class=\\\"MsoNormal\\\" style=\\\"text-align: justify;\\\"><span lang=\\\"ES-TRAD\\\" style=\\\"font-family: \\'Lato\\',\\'sans-serif\\';\\\">Concha D\u00edaz de Villegas,<\/span><span lang=\\\"ES-TRAD\\\" style=\\\"font-family: \\'Lato\\',\\'sans-serif\\'; mso-fareast-font-family: \\'Times New Roman\\'; mso-bidi-font-family: \\'Times New Roman\\'; mso-fareast-language: ES-TRAD;\\\">Directora General de Comercio y Emprendimiento de Madrid<\/span><span lang=\\\"ES-TRAD\\\" style=\\\"font-family: \\'Lato\\',\\'sans-serif\\';\\\">, entreg\u00f3 el premio Mejor Fashion Startup a Javier Yuste de Binfluencer, un grupo de emprendedores cuya misi\u00f3n es hacer el marketing de influencers accesible, sencillo y objetivo para todas las empresas. Los finalistas de esta categor\u00eda fueron Samyroad y TrendyAdvisor.<\/span><\/p>\n<p class=\\\"MsoNormal\\\" style=\\\"text-align: justify;\\\"><span lang=\\\"ES-TRAD\\\" style=\\\"font-family: \\'Lato\\',\\'sans-serif\\';\\\">\u00a0<\/span><\/p>\n<p class=\\\"MsoNormal\\\" style=\\\"text-align: justify;\\\"><span lang=\\\"ES-TRAD\\\" style=\\\"font-family: Lato, sans-serif;\\\">Elena Garc\u00eda Dom\u00ednguez del Banco Sabadell entreg\u00f3 el premio a la mejor Startup Fashion de Comercio electr\u00f3nico que fue a parar a \u00a0www.lafenestra.es, recogiendo el premio In\u00e9s Larrea, CEO y fundadora. Lafenestra pone a disposici\u00f3n de sus clientes <\/span><span lang=\\\"ES-TRAD\\\" style=\\\"font-family: Lato, sans-serif; background: white;\\\">moda y accesorios de\u00a0<\/span><span lang=\\\"ES-TRAD\\\"><a title=\\\"Dise\u00f1adores |\u00a0La Fenestra\\\" href=\\\"https:\/\/lafenestra.es\/collections\/disenadores\\\" target=\\\"_blank\\\"><span style=\\\"font-family: Lato, sans-serif; color: black; border: 1pt none windowtext; padding: 0cm; background: white; text-decoration-line: none;\\\">dise\u00f1adores emergentes<\/span><\/a><\/span><span lang=\\\"ES-TRAD\\\" style=\\\"font-family: Lato, sans-serif; background: white;\\\">, con propuestas originales y de calidad. <\/span><span lang=\\\"ES-TRAD\\\" style=\\\"font-family: Lato, sans-serif;\\\">Otros finalistas fueron Carabela_madrid\u00a0 y Uttopy_Es.<\/span><\/p>\n<p class=\\\"MsoNormal\\\" style=\\\"text-align: justify;\\\"><span lang=\\\"ES-TRAD\\\" style=\\\"font-family: \\'Lato\\',\\'sans-serif\\';\\\">\u00a0<\/span><\/p>\n<p class=\\\"MsoNormal\\\" style=\\\"text-align: justify;\\\"><span lang=\\\"ES-TRAD\\\" style=\\\"font-family: \\'Lato\\',\\'sans-serif\\';\\\">El premio a la Mejor Fashion Tech Startup fue para WideEyestech. Los otros finalistas en esta categor\u00eda fueron Imersivo_twit, yumehub, NaizFit y Cubelizer.<\/span><\/p>\n<p class=\\\"MsoNormal\\\" style=\\\"text-align: justify;\\\"><span lang=\\\"ES-TRAD\\\" style=\\\"font-family: \\'Lato\\',\\'sans-serif\\';\\\">\u00a0<\/span><\/p>\n<p class=\\\"MsoNormal\\\" style=\\\"text-align: justify;\\\"><span lang=\\\"ES-TRAD\\\" style=\\\"font-family: \\'Lato\\',\\'sans-serif\\';\\\">El Trofeo de los #fashionstartupawards, dise\u00f1ado por Laura Salda\u00f1a Alumna de #ecommfashionweek, se model\u00f3 en 3D. Los trofeos se imprimieron en directo con una Witbox de BQ Espa\u00f1a.<\/span><\/p>\n<p class=\\\"MsoNormal\\\" style=\\\"text-align: justify;\\\"><span lang=\\\"ES-TRAD\\\" style=\\\"font-family: \\'Lato\\',\\'sans-serif\\';\\\">\u00a0<\/span><\/p>\n<p class=\\\"MsoNormal\\\" style=\\\"text-align: justify;\\\"><span lang=\\\"ES-TRAD\\\" style=\\\"font-family: \\'Lato\\',\\'sans-serif\\';\\\">Fashiobiz, <\/span><span lang=\\\"ES-TRAD\\\"><a href=\\\"https:\/\/fashionbiz20.com\/\\\"><span style=\\\"font-family: \\'Lato\\',\\'sans-serif\\';\\\">https:\/\/fashionbiz20.com\/<\/span><\/a><\/span><span lang=\\\"ES-TRAD\\\" style=\\\"font-family: \\'Lato\\',\\'sans-serif\\';\\\"> es una startup espa\u00f1ola que ha desarrollado una plataforma social, cuyo objetivo es generar valor poniendo en contacto a empresas de moda con empresas de tecnolog\u00eda e inversores.<\/span><\/p>\n<p class=\\\"MsoNormal\\\" style=\\\"text-align: justify;\\\"><span lang=\\\"ES-TRAD\\\" style=\\\"font-family: \\'Lato\\',\\'sans-serif\\';\\\">\u00a0<\/span><\/p>\n<p><span lang=\\\"ES-TRAD\\\" style=\\\"font-size: 12.0pt; font-family: \\'Lato\\',\\'sans-serif\\'; mso-fareast-font-family: Calibri; mso-fareast-theme-font: minor-latin; mso-bidi-font-family: \\'Times New Roman\\'; mso-bidi-theme-font: minor-bidi; mso-ansi-language: ES-TRAD; mso-fareast-language: EN-US; mso-bidi-language: AR-SA;\\\">Puedes consultar el resto de las actividades desarrolladas en la Semana de la Moda de Madrid en \u00a0<\/span><span lang=\\\"ES-TRAD\\\" style=\\\"font-size: 12.0pt; font-family: \\'Calibri\\',\\'sans-serif\\'; mso-ascii-theme-font: minor-latin; mso-fareast-font-family: Calibri; mso-fareast-theme-font: minor-latin; mso-hansi-theme-font: minor-latin; mso-bidi-font-family: \\'Times New Roman\\'; mso-bidi-theme-font: minor-bidi; mso-ansi-language: ES-TRAD; mso-fareast-language: EN-US; mso-bidi-language: AR-SA;\\\"><a href=\\\"https:\/\/www.madridcapitaldemoda.com\/\\\"><span style=\\\"font-family: \\'Lato\\',\\'sans-serif\\';\\\">https:\/\/www.madridcapitaldemoda.com\/<\/span><\/a><\/span><\/p>\n","protected":false},"excerpt":{"rendered":"<p>Concha D\u00edaz de Villegas,Directora General de Comercio y Emprendimiento de&#8230;<\/p>\n","protected":false},"featured_media":7487,"template":"","meta":{"_acf_changed":false},"categories":[],"noticias":[],"class_list":["post-7486","noticias","type-noticias","status-publish","has-post-thumbnail","hentry"],"acf":[],"_links":{"self":[{"href":"https:\/\/test.madridemprende.anovagroup.es\/fr\/wp-json\/wp\/v2\/noticias\/7486"}],"collection":[{"href":"https:\/\/test.madridemprende.anovagroup.es\/fr\/wp-json\/wp\/v2\/noticias"}],"about":[{"href":"https:\/\/test.madridemprende.anovagroup.es\/fr\/wp-json\/wp\/v2\/types\/noticias"}],"version-history":[{"count":0,"href":"https:\/\/test.madridemprende.anovagroup.es\/fr\/wp-json\/wp\/v2\/noticias\/7486\/revisions"}],"wp:featuredmedia":[{"embeddable":true,"href":"https:\/\/test.madridemprende.anovagroup.es\/fr\/wp-json\/wp\/v2\/media\/7487"}],"wp:attachment":[{"href":"https:\/\/test.madridemprende.anovagroup.es\/fr\/wp-json\/wp\/v2\/media?parent=7486"}],"wp:term":[{"taxonomy":"category","embeddable":true,"href":"https:\/\/test.madridemprende.anovagroup.es\/fr\/wp-json\/wp\/v2\/categories?post=7486"},{"taxonomy":"noticias","embeddable":true,"href":"https:\/\/test.madridemprende.anovagroup.es\/fr\/wp-json\/wp\/v2\/noticias?post=7486"}],"curies":[{"name":"wp","href":"https:\/\/api.w.org\/{rel}","templated":true}]}}