{"id":7562,"date":"2017-11-20T00:00:00","date_gmt":"2017-11-20T00:00:00","guid":{"rendered":"https:\/\/pre.madridemprende.anovagroup.es\/noticias\/campaa-de-de-compras-en-madrid\/"},"modified":"2022-06-08T11:23:36","modified_gmt":"2022-06-08T09:23:36","slug":"campaa-de-de-compras-en-madrid","status":"publish","type":"noticias","link":"https:\/\/test.madridemprende.anovagroup.es\/fr\/noticias\/campaa-de-de-compras-en-madrid\/","title":{"rendered":"Campa\u00f1a de \u201cDe compras en Madrid\u201d"},"content":{"rendered":"<p class=\\\"MsoNormal\\\"><span style=\\\"font-family: verdana, geneva;\\\">Se aproxima el mes de diciembre en el que, con el puente en la semana del 6 y 8 y las fiestas navide\u00f1as, la capital se convierte en destino de un gran n\u00famero de visitantes, tanto nacionales como extranjeros. Es un buen momento para promocionar Madrid como destino de compras, animando al p\u00fablico en general a visitar sus zonas comerciales para conocer la amplia gama de establecimientos comerciales y variada oferta de productos y servicios que nuestra ciudad ofrece.\u00a0 <\/span><\/p>\n<p class=\\\"MsoNormal\\\"><span style=\\\"font-family: verdana, geneva;\\\">\u00a0<\/span><\/p>\n<p class=\\\"MsoNormal\\\"><span style=\\\"font-family: verdana, geneva;\\\">El Ayuntamiento de Madrid, a trav\u00e9s de la Direcci\u00f3n general de Comercio y Emprendimiento, y <span lang=\\\"EN-US\\\"><a href=\\\"http:\/\/decasa.tv\/\\\"><span lang=\\\"ES\\\">Canal Decasa<\/span><\/a><\/span> han firmado un convenio de colaboraci\u00f3n con el objetivo primordial de potenciar la visibilidad de las zonas comerciales de la capital, poniendo en marcha la campa\u00f1a \u201cDe compras en Madrid\u201d, que se desarrolla dentro del proyecto <span lang=\\\"EN-US\\\"><a href=\\\"http:\/\/www.madridcapitaldemoda.com\/\\\" target=\\\"_blank\\\"><span lang=\\\"ES\\\">Madrid Capital de Moda<\/span><\/a><\/span>.<\/span><\/p>\n<p class=\\\"MsoNormal\\\"><span style=\\\"font-family: verdana, geneva;\\\">\u00a0<\/span><\/p>\n<p class=\\\"MsoNormal\\\"><span style=\\\"font-family: verdana, geneva;\\\">Junto a ello, en colaboraci\u00f3n con la <span lang=\\\"EN-US\\\"><a href=\\\"http:\/\/www.emtmadrid.es\/Home\/\\\" target=\\\"_blank\\\"><span lang=\\\"ES\\\">EMT<\/span><\/a><\/span>, se pretende fomentar la actividad comercial pero de una forma responsable y sostenible. As\u00ed, bajo el lema \u201cDe compras, mejor en bus\u201d, se quiere concienciar al p\u00fablico en general, a los madrile\u00f1os y las madrile\u00f1as, as\u00ed como a visitantes, de la necesidad de acudir a las zonas comerciales en transporte p\u00fablico, como el medio m\u00e1s r\u00e1pido, econ\u00f3mico y limpio.<\/span><\/p>\n<p class=\\\"MsoNormal\\\"><span style=\\\"font-family: verdana, geneva;\\\">La campa\u00f1a exterior cuenta con:<\/span><\/p>\n<p class=\\\"MsoListParagraphCxSpFirst\\\" style=\\\"text-indent: -18.0pt; mso-list: l0 level1 lfo1;\\\"><span style=\\\"font-family: verdana, geneva;\\\"><!-- [if !supportLists]-->\u00b7<span style=\\\"font-variant-numeric: normal; font-stretch: normal; font-size: 7pt; line-height: normal;\\\">\u00a0\u00a0\u00a0\u00a0\u00a0\u00a0\u00a0\u00a0 <\/span><!--[endif]-->Publicidad en 40 l\u00edneas de autobuses de la EMT; vinilos exteriores y perching en el interior durante los meses de noviembre y diciembre.<\/span><\/p>\n<p class=\\\"MsoListParagraphCxSpMiddle\\\" style=\\\"text-indent: -18.0pt; mso-list: l0 level1 lfo1;\\\"><span style=\\\"font-family: verdana, geneva;\\\"><!-- [if !supportLists]-->\u00b7<span style=\\\"font-variant-numeric: normal; font-stretch: normal; font-size: 7pt; line-height: normal;\\\">\u00a0\u00a0\u00a0\u00a0\u00a0\u00a0\u00a0\u00a0 <\/span><!--[endif]-->Circuito de mobiliario urbano con mupis y marquesinas repartidos por la ciudad del 27 de noviembre al 11 de diciembre.<\/span><\/p>\n<p class=\\\"MsoListParagraphCxSpMiddle\\\" style=\\\"text-indent: -18.0pt; mso-list: l0 level1 lfo1;\\\"><span style=\\\"font-family: verdana, geneva;\\\"><!-- [if !supportLists]-->\u00b7<span style=\\\"font-variant-numeric: normal; font-stretch: normal; font-size: 7pt; line-height: normal;\\\">\u00a0\u00a0\u00a0\u00a0\u00a0\u00a0\u00a0\u00a0 <\/span><!--[endif]-->Edici\u00f3n de planos de zonas comerciales que se distribuir\u00e1n en puntos de informaci\u00f3n tur\u00edstica, hoteles\u2026\u2026<\/span><\/p>\n<p class=\\\"MsoListParagraphCxSpLast\\\" style=\\\"text-indent: -18.0pt; mso-list: l0 level1 lfo1;\\\"><span style=\\\"font-family: verdana, geneva;\\\"><!-- [if !supportLists]-->\u00b7<span style=\\\"font-variant-numeric: normal; font-stretch: normal; font-size: 7pt; line-height: normal;\\\">\u00a0\u00a0\u00a0\u00a0\u00a0\u00a0\u00a0\u00a0 <\/span><!--[endif]-->Grabaci\u00f3n y emisi\u00f3n de una serie de programas de <span lang=\\\"EN-US\\\"><a href=\\\"http:\/\/decasa.tv\/\\\" target=\\\"_blank\\\"><span lang=\\\"ES\\\">Canal Decasa<\/span><\/a><\/span> espec\u00edfico sobre zonas comerciales como Salesas, Huertas, Azca, barrio de Salamanca, Malasa\u00f1a o Lavapi\u00e9s, que se emitir\u00e1 en Espa\u00f1a y Latinoam\u00e9rica.<\/span><\/p>\n<p class=\\\"MsoNormal\\\"><span style=\\\"font-family: verdana, geneva;\\\">\u00a0<\/span><\/p>\n<p class=\\\"MsoNormal\\\"><span style=\\\"text-decoration: underline; font-family: verdana, geneva;\\\">Canal de Casa<\/span><\/p>\n<p class=\\\"MsoNormal\\\"><span style=\\\"font-family: \\'Lato\\',\\'sans-serif\\'; mso-ansi-language: ES;\\\"><span style=\\\"font-family: verdana, geneva;\\\">Con un 65% de programas de producci\u00f3n propia, Canal Decasa es el \u00fanico canal de televisi\u00f3n dedicado a la decoraci\u00f3n, moda, belleza, ocio y bienestar. Producido en su totalidad por AMC Networks International Iberia, se distribuye en todos los operadores de televisi\u00f3n de pago y est\u00e1 disponible tambi\u00e9n en HD.<\/span><\/span><\/p>\n","protected":false},"excerpt":{"rendered":"<p>Se aproxima el mes de diciembre en el que, con el puente en la semana del 6&#8230;<\/p>\n","protected":false},"featured_media":7563,"template":"","meta":{"_acf_changed":false},"categories":[],"noticias":[],"class_list":["post-7562","noticias","type-noticias","status-publish","has-post-thumbnail","hentry"],"acf":[],"_links":{"self":[{"href":"https:\/\/test.madridemprende.anovagroup.es\/fr\/wp-json\/wp\/v2\/noticias\/7562"}],"collection":[{"href":"https:\/\/test.madridemprende.anovagroup.es\/fr\/wp-json\/wp\/v2\/noticias"}],"about":[{"href":"https:\/\/test.madridemprende.anovagroup.es\/fr\/wp-json\/wp\/v2\/types\/noticias"}],"version-history":[{"count":0,"href":"https:\/\/test.madridemprende.anovagroup.es\/fr\/wp-json\/wp\/v2\/noticias\/7562\/revisions"}],"wp:featuredmedia":[{"embeddable":true,"href":"https:\/\/test.madridemprende.anovagroup.es\/fr\/wp-json\/wp\/v2\/media\/7563"}],"wp:attachment":[{"href":"https:\/\/test.madridemprende.anovagroup.es\/fr\/wp-json\/wp\/v2\/media?parent=7562"}],"wp:term":[{"taxonomy":"category","embeddable":true,"href":"https:\/\/test.madridemprende.anovagroup.es\/fr\/wp-json\/wp\/v2\/categories?post=7562"},{"taxonomy":"noticias","embeddable":true,"href":"https:\/\/test.madridemprende.anovagroup.es\/fr\/wp-json\/wp\/v2\/noticias?post=7562"}],"curies":[{"name":"wp","href":"https:\/\/api.w.org\/{rel}","templated":true}]}}