{"id":7598,"date":"2017-12-14T00:00:00","date_gmt":"2017-12-14T00:00:00","guid":{"rendered":"https:\/\/pre.madridemprende.anovagroup.es\/noticias\/comunicados-y-escuelab-ganadores-de-los-premios-mad-2017\/"},"modified":"2022-06-08T11:23:31","modified_gmt":"2022-06-08T09:23:31","slug":"comunicados-y-escuelab-ganadores-de-los-premios-mad-2017","status":"publish","type":"noticias","link":"https:\/\/test.madridemprende.anovagroup.es\/fr\/noticias\/comunicados-y-escuelab-ganadores-de-los-premios-mad-2017\/","title":{"rendered":"Comunicados y Escuelab, ganadores de los Premios MAD+ 2017"},"content":{"rendered":"<p class=\\\"MsoNormal\\\" style=\\\"text-align: justify;\\\"><span lang=\\\"ES-TRAD\\\" style=\\\"font-family: \\'Lato\\',sans-serif;\\\">Este mi\u00e9rcoles 13 de diciembre se han entregado en el sal\u00f3n de actos del Centro Cultural Conde Duque los <a href=\\\"\/es\/apoyo-integral-al-emprendimiento\/premios-de-emprendimiento\/premios-mad\\\">Premios MAD+ 2017<\/a>\u00a0al emprendimiento social.<\/span><\/p>\n<p class=\\\"MsoNormal\\\" style=\\\"text-align: justify;\\\"><span lang=\\\"ES-TRAD\\\" style=\\\"font-family: \\'Lato\\',sans-serif;\\\">El Ayuntamiento de Madrid convoc\u00f3 en el presente a\u00f1o la primera edici\u00f3n de estos premios bajo el lema \\\u00bbPor un MADrid M\u00c1S justo y M\u00c1S solidario\\\u00bb con la finalidad apoyar social y econ\u00f3micamente aquellas ideas lideradas por personas emprendedoras sociales y as\u00ed dar visibilidad a sus proyectos; sensibilizando a la sociedad sobre la relevancia que d\u00eda a d\u00eda est\u00e1 adquiriendo el emprendimiento social en nuestra sociedad.<\/span><\/p>\n<p class=\\\"MsoNormal\\\" style=\\\"text-align: justify;\\\"><span lang=\\\"ES-TRAD\\\" style=\\\"font-family: \\'Lato\\',sans-serif;\\\">Los Premios MAD+ van dirigidos a PYMES constituidas con menos de tres a\u00f1os de antig\u00fcedad, con un proyecto o servicio con prototipo ya probado que pueda generar un impacto positivo y medible en la sociedad, y que puedan llegar a tener impacto en la actividad econ\u00f3mica de la ciudad de Madrid.<\/span><\/p>\n<p class=\\\"MsoNormal\\\" style=\\\"text-align: justify;\\\"><span lang=\\\"ES-TRAD\\\" style=\\\"font-family: \\'Lato\\',sans-serif;\\\">El <strong>primer premio<\/strong>, dotado con un importe en met\u00e1lico de 20.000\u20ac ha reca\u00eddo en <strong><a href=\\\"http:\/\/www.comunicados.es\/\\\">Comunicados en Lengua de Signos S.L.<\/a><\/strong> Antonio e Inmaculada han creado un p<\/span><span lang=\\\"ES-TRAD\\\" style=\\\"font-family: \\'Lato\\',sans-serif; mso-bidi-font-family: Arial;\\\">ortal para personas sordas con comunicaci\u00f3n visual e instant\u00e1nea mediante webcam. Ofrecen servicios de video int\u00e9rpretes, servicio de adaptaci\u00f3n de contenidos, adaptaci\u00f3n de p\u00e1ginas web y eventos accesibles.<\/span><\/p>\n<p class=\\\"MsoNormal\\\" style=\\\"text-align: justify;\\\"><span lang=\\\"ES-TRAD\\\" style=\\\"font-family: \\'Lato\\',sans-serif;\\\">El <strong>segundo premio<\/strong>, por importe de 4.000\u20ac ha ido a parar al proyecto <a href=\\\"http:\/\/www.escuelab.es\/\\\"><strong>Escuelab Innovaci\u00f3n Educativa S.L.<\/strong> <\/a><span style=\\\"color: windowtext; text-decoration-line: none;\\\">Empresa social fundada por Cristina y Fernando que democratiza el acceso a una educaci\u00f3n cient\u00edfica pr\u00e1ctica e interactiva, fomenta las vocaciones investigadoras y desarrolla herramientas de futuro entre escolares. Est\u00e1 concebida para disminuir la grave brecha social entre la ciencia y la sociedad.<\/span><\/span><\/p>\n<p class=\\\"MsoNormal\\\" style=\\\"text-align: justify;\\\"><span lang=\\\"ES-TRAD\\\" style=\\\"font-family: \\'Lato\\',sans-serif;\\\">En esta primera edici\u00f3n se han presentado un total de 80 solicitudes. Tras una primera fase, en la que se seleccionaron las 20 empresas con mejor valoraci\u00f3n en funci\u00f3n de los criterios establecidos en la convocatoria, fueron 10 las que, tras un <em>elevator pitch<\/em> celebrado en noviembre, \u00a0ayer optaban al premio tras la Demo Day.<\/span>\u00a0<\/p>\n<p class=\\\"MsoNormal\\\" style=\\\"text-align: justify; mso-pagination: none; mso-layout-grid-align: none; text-autospace: none;\\\"><span lang=\\\"ES-TRAD\\\" style=\\\"font-family: \\'Lato\\',sans-serif; mso-bidi-font-family: \\'Times New Roman\\';\\\">Estos son los \u00a0otros 8 proyectos finalistas que presentaron su proyecto al jurado y a los asistentes al evento:<\/span><\/p>\n<ul>\n<li>Ilusi\u00f3n asociaci\u00f3n para el Desarrollo y el Empleo (<span lang=\\\"ES-TRAD\\\" style=\\\"font-family: \\'Lato\\',sans-serif;\\\"><a href=\\\"http:\/\/www.ilusionasoc.org\/\\\">www.ilusionasoc.org<\/a><\/span><span lang=\\\"ES-TRAD\\\" style=\\\"font-family: \\'Lato\\',sans-serif; mso-bidi-font-family: \\'Times New Roman\\';\\\">)\u00a0 <\/span><span lang=\\\"ES-TRAD\\\" style=\\\"font-family: \\'Lato\\',sans-serif; mso-bidi-font-family: Arial;\\\">Asociaci\u00f3n centrada en el Cuarto Sector cuya actividad central es la prestaci\u00f3n de servicios profesionales a fin de \u201crescatar\u201d a personas desempleadas.<\/span><\/li>\n<li>Global Monk S.L. (<span lang=\\\"ES-TRAD\\\" style=\\\"font-family: \\'Lato\\',sans-serif;\\\"><a href=\\\"http:\/\/www.pleneat.es\/\\\">www.pleneat.es<\/a><\/span><span lang=\\\"ES-TRAD\\\" style=\\\"font-family: \\'Lato\\',sans-serif; mso-bidi-font-family: \\'Times New Roman\\';\\\">) dedicada a la c<\/span><span lang=\\\"ES-TRAD\\\" style=\\\"font-family: \\'Lato\\',sans-serif; mso-bidi-font-family: Arial;\\\">omida casera para empresas, cocinada con ingredientes 100% ecol\u00f3gicos y certificados.<\/span><\/li>\n<li>Migralingua Voze Servicios Lingu\u00edsticos S.L. (<span lang=\\\"ES-TRAD\\\" style=\\\"font-family: \\'Lato\\',sans-serif; mso-bidi-font-family: \\'Times New Roman\\';\\\"><a href=\\\"http:\/\/www.voze.es\\\" target=\\\"_blank\\\">www.voze.es<\/a>) es un p<\/span><span lang=\\\"ES-TRAD\\\" style=\\\"font-family: \\'Lato\\',sans-serif; mso-bidi-font-family: Arial;\\\">uente entre diferentes lenguas y culturas. Una herramienta que pretende unir a ciudadanos y personal de servicios p\u00fablicos, a clientes y a empresas. La plataforma permite al usuario acceder a un int\u00e9rprete telef\u00f3nico en 11 idiomas las 24 horas del d\u00eda desde cualquier lugar del mundo.<\/span><\/li>\n<li>Comcosy (<span lang=\\\"ES-TRAD\\\" style=\\\"font-family: \\'Lato\\',sans-serif;\\\"><a href=\\\"http:\/\/www.comcosy.com\/\\\">www.comcosy.com<\/a><\/span><span lang=\\\"ES-TRAD\\\" style=\\\"font-family: \\'Lato\\',sans-serif; mso-bidi-font-family: \\'Times New Roman\\';\\\">) e<\/span><span lang=\\\"ES-TRAD\\\" style=\\\"font-family: \\'Lato\\',sans-serif; mso-bidi-font-family: Arial;\\\">s un <em>mark place<\/em> social de mobiliario y decoraci\u00f3n. Forma parte de un movimiento por la fabricaci\u00f3n y consumo sostenibles enfocado a la transformaci\u00f3n de la industria del mueble, creando una red de profesionales.<\/span><\/li>\n<li>Dlana (<span lang=\\\"ES-TRAD\\\" style=\\\"font-family: \\'Lato\\',sans-serif;\\\"><a href=\\\"http:\/\/www.dlana.es\/\\\">www.dlana.es<\/a><\/span><span lang=\\\"ES-TRAD\\\" style=\\\"font-family: \\'Lato\\',sans-serif; mso-bidi-font-family: \\'Times New Roman\\';\\\">) se centra en la p<\/span><span lang=\\\"ES-TRAD\\\" style=\\\"font-family: \\'Lato\\',sans-serif; mso-bidi-font-family: Arial;\\\">roducci\u00f3n y comercializaci\u00f3n (en local y online) de productos textiles destacando el valor e impulsando la recuperaci\u00f3n tanto de la lana aut\u00f3ctona del pa\u00eds como materia prima como de toda la cadena de transformaci\u00f3n textil y la ganader\u00eda extensiva y trashumante. Se crean productos con trazabilidad completa.<\/span><\/li>\n<li>Creando Redes-Narcap S.L. (<span lang=\\\"ES-TRAD\\\" style=\\\"font-family: \\'Lato\\',sans-serif;\\\"><a href=\\\"http:\/\/www.creandoredes.es\/\\\">www.creandoredes.es<\/a><\/span><span lang=\\\"ES-TRAD\\\" style=\\\"font-family: \\'Lato\\',sans-serif; mso-bidi-font-family: \\'Times New Roman\\';\\\">)\u00a0 <\/span><span lang=\\\"ES-TRAD\\\" style=\\\"font-family: \\'Lato\\',sans-serif; mso-bidi-font-family: Arial;\\\">es una empresa social que basa su actividad en la transferencia del conocimiento cient\u00edfico a empresas, administraciones y otras organizaciones para transformar el modelo de integraci\u00f3n ambiental actual a trav\u00e9s de la Restauraci\u00f3n Ecol\u00f3gica.<\/span><\/li>\n<li>Asociaci\u00f3n de las Econom\u00edas Bioregionales (<span lang=\\\"ES-TRAD\\\" style=\\\"font-family: \\'Lato\\',sans-serif;\\\"><a href=\\\"http:\/\/www.economiasbioregionales.org\/\\\">www.economiasbioregionales.org<\/a><\/span><span lang=\\\"ES-TRAD\\\" style=\\\"font-family: \\'Lato\\',sans-serif; mso-bidi-font-family: \\'Times New Roman\\';\\\">) es una c<\/span><span lang=\\\"ES-TRAD\\\" style=\\\"font-family: \\'Lato\\',sans-serif; mso-bidi-font-family: Arial;\\\">onsultor\u00eda de innovaci\u00f3n social para implementar modelos de gesti\u00f3n de residuos, con el objetivo de desarrollo de estrategias de aprovechamiento de recursos, de fortalecimiento del medio ambiente y de la econom\u00eda circular y solidaria. Su l\u00ednea de trabajo principal es el agrocompostaje, la formaci\u00f3n y la difusi\u00f3n de sistemas agroecol\u00f3gicos.<\/span><\/li>\n<li>La Bolsa Social PFP S.L. (<span lang=\\\"ES-TRAD\\\" style=\\\"font-family: \\'Lato\\',sans-serif;\\\"><a href=\\\"http:\/\/www.bolsasocial.com\/\\\">www.bolsasocial.com<\/a><\/span><span lang=\\\"ES-TRAD\\\" style=\\\"font-family: \\'Lato\\',sans-serif; mso-bidi-font-family: \\'Times New Roman\\';\\\">) es una p<\/span><span lang=\\\"ES-TRAD\\\" style=\\\"font-family: \\'Lato\\',sans-serif; mso-bidi-font-family: Arial;\\\">lataforma online de <em>equity crowdfunding, <\/em>laprimera autorizada en Espa\u00f1a por el CNMV. Conecta a inversores con empresas que tengan impacto social o medioambiental positivo. Trabaja en el sector de inversi\u00f3n de doble impacto: social-medioambiental y financiero.<\/span><\/li>\n<\/ul>\n<p class=\\\"MsoNormal\\\" style=\\\"text-align: justify;\\\"><span lang=\\\"ES-TRAD\\\" style=\\\"font-family: \\'Lato\\',sans-serif;\\\">Una vez finalizadas las presentaciones de los proyectos el jurado se retir\u00f3 a deliberar. En este intervalo de tiempo se celebr\u00f3 una mesa redonda bajo el t\u00edtulo <\/span><strong><span lang=\\\"ES-TRAD\\\" style=\\\"font-family: \\'Lato\\',sans-serif; mso-bidi-font-family: \\'Times New Roman\\';\\\">\u201cConocemos el emprendimiento social\u201d<\/span><\/strong><span lang=\\\"ES-TRAD\\\" style=\\\"font-family: \\'Lato\\',sans-serif; mso-bidi-font-family: \\'Times New Roman\\';\\\"> con participantes de la talla de Mercedes Valc\u00e1rcel Due\u00f1as Directora General de Fundaci\u00f3n Tomillo, Mikel Oleaga. Programas y proyectos de <\/span><span lang=\\\"ES-TRAD\\\" style=\\\"font-family: \\'Lato\\',sans-serif;\\\"><a href=\\\"https:\/\/madrid.impacthub.net\/\\\"><span style=\\\"mso-bidi-font-family: \\'Times New Roman\\'; color: windowtext;\\\">Impact Hub Madrid<\/span><\/a><\/span><span lang=\\\"ES-TRAD\\\" style=\\\"font-family: \\'Lato\\',sans-serif; mso-bidi-font-family: \\'Times New Roman\\';\\\"> , Jos\u00e9 Luis Ruiz de Munain. Relaciones Institucionales de <\/span><span lang=\\\"ES-TRAD\\\" style=\\\"font-family: \\'Lato\\',sans-serif;\\\"><a href=\\\"http:\/\/www.unltdspain.org\/\\\"><span style=\\\"mso-bidi-font-family: \\'Times New Roman\\'; color: windowtext;\\\">UNLTD Spain<\/span><\/a><\/span><span lang=\\\"ES-TRAD\\\" style=\\\"font-family: \\'Lato\\',sans-serif; mso-bidi-font-family: \\'Times New Roman\\';\\\">, \u00b7 Antonella Broglia, Embajadora <\/span><span lang=\\\"ES-TRAD\\\" style=\\\"font-family: \\'Lato\\',sans-serif;\\\"><a href=\\\"http:\/\/spain.ashoka.org\/\\\"><span style=\\\"mso-bidi-font-family: \\'Times New Roman\\'; color: windowtext;\\\">Ashoka Espa\u00f1a<\/span><\/a><\/span><span lang=\\\"ES-TRAD\\\" style=\\\"font-family: \\'Lato\\',sans-serif; mso-bidi-font-family: \\'Times New Roman\\';\\\"> y conductora del programa en \u201c<\/span><span lang=\\\"ES-TRAD\\\" style=\\\"font-family: \\'Lato\\',sans-serif;\\\"><a href=\\\"http:\/\/www.rtve.es\/television\/para-todos-la-2\/\\\"><span style=\\\"mso-bidi-font-family: \\'Times New Roman\\'; color: windowtext;\\\">Paratodos la 2<\/span><\/a><\/span><span lang=\\\"ES-TRAD\\\" style=\\\"font-family: \\'Lato\\',sans-serif; mso-bidi-font-family: \\'Times New Roman\\';\\\">\u201d de TVE sobre innovaci\u00f3n social. Los participantes respondieron a cuestiones como:<\/span>\u00a0<\/p>\n<ul>\n<li>\u00bfQu\u00e9 valoraci\u00f3n haces del emprendimiento social y qu\u00e9 caracter\u00edsticas deber\u00eda tener una empresa para ser considerada social?<\/li>\n<li>\u00bfHay un origen est\u00e1ndar o m\u00e1s habitual de las empresas sociales?<\/li>\n<li>\u00bfHay un sector o sectores de actividad prioritarios?<\/li>\n<li>\u00bfCu\u00e1les son los principales desaf\u00edos de los emprendedores sociales?<\/li>\n<li>\u00bfSe puede apoyar la superaci\u00f3n de \u00e9stos desde la Administraci\u00f3n?<\/li>\n<li>\u00bfC\u00f3mo piensas que la Administraci\u00f3n puede fortalecer el sector del emprendimiento social y la inversi\u00f3n social en Espa\u00f1a?<\/li>\n<li>\u00bfQu\u00e9 actuaciones y\/o qu\u00e9 ideas pueden colaborar a difundir el papel del emprendimiento social y c\u00f3mo destacar el valor de los emprendedores sociales?<\/li>\n<\/ul>\n<p class=\\\"MsoNormal\\\" style=\\\"text-align: justify;\\\"><span lang=\\\"ES-TRAD\\\" style=\\\"font-family: \\'Lato\\',sans-serif;\\\">\u00bfQuieres ver m\u00e1s fotos del evento? pincha\u00a0<a href=\\\"https:\/\/www.facebook.com\/media\/set\/?set=a.10155814827922165.1073741868.151754117164&#038;type=1&#038;l=73752584be\\\" target=\\\"_blank\\\">aqu\u00ed<\/a><\/span><\/p>\n<p class=\\\"MsoNormal\\\" style=\\\"text-align: justify;\\\"><span lang=\\\"ES-TRAD\\\" style=\\\"font-family: \\'Lato\\',sans-serif;\\\">Para asistir a estos u otros eventos que organizamos no olvides suscribirte a nuestro <a href=\\\"\/es\/suscripcion2\\\">bolet\u00edn de actividades<\/a> o consultar nuestra <a href=\\\"\/es\/agenda\\\">agenda<\/a>.<\/span><\/p>\n<p class=\\\"MsoNormal\\\" style=\\\"text-align: justify;\\\"><span lang=\\\"ES-TRAD\\\" style=\\\"font-family: \\'Lato\\',sans-serif;\\\">\u00a0<\/span><\/p>\n<div class=\\\"text-center\\\"><iframe src=\\\"https:\/\/www.youtube.com\/embed\/YxwisKY90fs?rel=0\\\" width=\\\"640\\\" height=\\\"360\\\" frameborder=\\\"0\\\" allowfullscreen=\\\"\\\"><\/iframe><\/div>\n","protected":false},"excerpt":{"rendered":"<p>Este mi\u00e9rcoles 13 de diciembre se han entregado en el sal\u00f3n de actos del&#8230;<\/p>\n","protected":false},"featured_media":7599,"template":"","meta":{"_acf_changed":false},"categories":[],"noticias":[],"class_list":["post-7598","noticias","type-noticias","status-publish","has-post-thumbnail","hentry"],"acf":[],"_links":{"self":[{"href":"https:\/\/test.madridemprende.anovagroup.es\/fr\/wp-json\/wp\/v2\/noticias\/7598"}],"collection":[{"href":"https:\/\/test.madridemprende.anovagroup.es\/fr\/wp-json\/wp\/v2\/noticias"}],"about":[{"href":"https:\/\/test.madridemprende.anovagroup.es\/fr\/wp-json\/wp\/v2\/types\/noticias"}],"version-history":[{"count":0,"href":"https:\/\/test.madridemprende.anovagroup.es\/fr\/wp-json\/wp\/v2\/noticias\/7598\/revisions"}],"wp:featuredmedia":[{"embeddable":true,"href":"https:\/\/test.madridemprende.anovagroup.es\/fr\/wp-json\/wp\/v2\/media\/7599"}],"wp:attachment":[{"href":"https:\/\/test.madridemprende.anovagroup.es\/fr\/wp-json\/wp\/v2\/media?parent=7598"}],"wp:term":[{"taxonomy":"category","embeddable":true,"href":"https:\/\/test.madridemprende.anovagroup.es\/fr\/wp-json\/wp\/v2\/categories?post=7598"},{"taxonomy":"noticias","embeddable":true,"href":"https:\/\/test.madridemprende.anovagroup.es\/fr\/wp-json\/wp\/v2\/noticias?post=7598"}],"curies":[{"name":"wp","href":"https:\/\/api.w.org\/{rel}","templated":true}]}}