{"id":7666,"date":"2018-02-22T00:00:00","date_gmt":"2018-02-22T00:00:00","guid":{"rendered":"https:\/\/pre.madridemprende.anovagroup.es\/noticias\/el-mercado-municipal-de-vallehermoso-acoge-la-final-del-jgermeiser-fashion-contest\/"},"modified":"2022-06-08T11:19:58","modified_gmt":"2022-06-08T09:19:58","slug":"el-mercado-municipal-de-vallehermoso-acoge-la-final-del-jgermeiser-fashion-contest","status":"publish","type":"noticias","link":"https:\/\/test.madridemprende.anovagroup.es\/fr\/noticias\/el-mercado-municipal-de-vallehermoso-acoge-la-final-del-jgermeiser-fashion-contest\/","title":{"rendered":"El mercado municipal de Vallehermoso acoge la final del J\u00e4germeiser Fashion Contest"},"content":{"rendered":"<p style=\\\"background: white; text-align: justify; line-height: 13.8pt;\\\">\u00a0<span lang=\\\"ES\\\" style=\\\"font-family: \\'Lato\\',\\'sans-serif\\'; font-size: 11pt; mso-ansi-language: ES;\\\">Organizado por J\u00e4germeister en colaboraci\u00f3n con el <strong><span style=\\\"font-family: \\'Lato\\',\\'sans-serif\\'; font-weight: normal;\\\"><a href=\\\"https:\/\/www.ied.es\/\\\"><span style=\\\"color: windowtext;\\\">Instituto Europeo de Dise\u00f1o<\/span><\/a><\/span><\/strong><strong><span style=\\\"font-family: \\'Lato\\',\\'sans-serif\\';\\\"> (IED)<\/span><\/strong>, el concurso naci\u00f3 con el objetivo de renovar los uniformes de los embajadores de la marca y promover el talento emergente en el sector de la moda.<\/span><\/p>\n<p style=\\\"background: white; text-align: justify; line-height: 13.8pt;\\\"><span style=\\\"font-family: Times New Roman; font-size: medium;\\\">\u00a0<span lang=\\\"ES\\\" style=\\\"font-family: \\'Lato\\',\\'sans-serif\\'; font-size: 11pt; mso-ansi-language: ES;\\\">Durante la celebraci\u00f3n de la final, a la que solo llegan cuatro dise\u00f1adores, se realiz\u00f3 <strong><span style=\\\"font-family: \\'Lato\\',\\'sans-serif\\';\\\">un desfile por el mercado<\/span><\/strong> en el que se presentaron todas las propuestas.<\/span><\/span><\/p>\n<p style=\\\"background: white; text-align: justify; line-height: 13.8pt;\\\"><span style=\\\"font-family: Times New Roman; font-size: medium;\\\">\u00a0<span lang=\\\"ES\\\" style=\\\"font-family: \\'Lato\\',\\'sans-serif\\'; font-size: 11pt; mso-ansi-language: ES;\\\">Adem\u00e1s, la velada estuvo amenizada por la <strong><span style=\\\"font-family: \\'Lato\\',\\'sans-serif\\';\\\">DJ \u201cLa Zowi\u201d<\/span><\/strong> y cont\u00f3 con el actor Brays Efe como maestro de ceremonias.<\/span><\/span><\/p>\n<p style=\\\"background: white; text-align: justify; line-height: 13.8pt;\\\"><span style=\\\"font-family: Times New Roman; font-size: medium;\\\">\u00a0<span lang=\\\"ES\\\" style=\\\"font-family: \\'Lato\\',\\'sans-serif\\'; font-size: 11pt; mso-ansi-language: ES;\\\">Algunos de los <strong><span style=\\\"font-family: \\'Lato\\',\\'sans-serif\\';\\\">requisitos con los que debe cumplir el \u201coutfit\u201d<\/span><\/strong> oficial son: adaptarse a las diferentes \u00e9pocas del a\u00f1o, ser v\u00e1lido para ambos sexos, comodidad y posibilidad de adaptaci\u00f3n para que los trabajadores puedan aportarle su propio estilo.<\/span><\/span><\/p>\n<p style=\\\"background: white; text-align: justify; line-height: 13.8pt;\\\"><span style=\\\"font-family: Times New Roman; font-size: medium;\\\">\u00a0<span lang=\\\"ES\\\" style=\\\"font-family: \\'Lato\\',\\'sans-serif\\'; font-size: 11pt; mso-ansi-language: ES;\\\">Los trajes tambi\u00e9n deben ser <strong><span style=\\\"font-family: \\'Lato\\',\\'sans-serif\\';\\\">transgresores a la vez que elegantes y sofisticados<\/span><\/strong>, algo que tendr\u00e1 muy en cuenta el jurado del concurso.<\/span><\/span><\/p>\n<p style=\\\"background: white; text-align: justify; line-height: 13.8pt;\\\"><span style=\\\"font-family: Times New Roman; font-size: medium;\\\">\u00a0<span lang=\\\"ES\\\" style=\\\"font-family: \\'Lato\\',\\'sans-serif\\'; font-size: 11pt; mso-ansi-language: ES;\\\">Esta cita se present\u00f3 como una estupenda ocasi\u00f3n para <strong><span style=\\\"font-family: \\'Lato\\',\\'sans-serif\\';\\\">conocer una nueva cara del <\/span><\/strong><a href=\\\"\/es\/comercio-y-mercados\/mercados-municipales\/mercados-de-madrid\/Mercados\/ficha\/55182a7a2f3eec8018bdf8da615988df\/\\\"><span style=\\\"color: windowtext;\\\">Mercado de Vallehermoso<\/span><\/a>,\u00a0un claro exponente de c\u00f3mo los mercados madrile\u00f1os ha sabido adaptarse a los nuevos tiempos sin dejar de lado la tradici\u00f3n. <\/span><\/span><\/p>\n<p style=\\\"background: white; text-align: justify; line-height: 13.8pt;\\\"><span style=\\\"font-family: Times New Roman; font-size: medium;\\\">\u00a0<span lang=\\\"ES\\\" style=\\\"font-family: \\'Lato\\',\\'sans-serif\\'; font-size: 11pt; mso-ansi-language: ES;\\\">Ubicado en el distrito de <strong><span style=\\\"font-family: \\'Lato\\',\\'sans-serif\\';\\\">Chamberi<\/span><\/strong>,\u00a0este mercado\u00a0funciona como una m\u00e1quina bien engrasada: las verduler\u00edas y las carnicer\u00edas, las pescader\u00edas y las poller\u00edas llenan las despensas y neveras de los vecinos y, tambi\u00e9n, alimentan los fogones de los bares y peque\u00f1os restaurantes.<\/span><\/span><\/p>\n<p style=\\\"background: white; text-align: justify; line-height: 13.8pt;\\\"><span style=\\\"font-family: Times New Roman; font-size: medium;\\\">\u00a0<span lang=\\\"ES\\\" style=\\\"font-family: \\'Lato\\',\\'sans-serif\\'; font-size: 11pt; mso-ansi-language: ES;\\\">El\u00a0mercado cuenta en una de sus alas con un <strong><span style=\\\"font-family: \\'Lato\\',\\'sans-serif\\';\\\">mercado permanente de productores<\/span><\/strong>, en el que los productores de la regi\u00f3n ofrecen degustaci\u00f3n y venta de sus productos directamente al p\u00fablico y sin intermediarios.<\/span><\/span><\/p>\n<p style=\\\"background: white; text-align: justify; line-height: 13.8pt;\\\"><span style=\\\"font-family: Times New Roman; font-size: medium;\\\"> <br \/><\/span><\/p>\n<p style=\\\"margin: 0cm 0cm 0pt;\\\"><span lang=\\\"ES\\\" style=\\\"font-family: \\'Lato\\',\\'sans-serif\\'; mso-ansi-language: ES;\\\">\u00a0<\/span><\/p>\n<p style=\\\"background: white; text-align: justify; line-height: 13.8pt;\\\"><span style=\\\"font-family: Times New Roman; font-size: medium;\\\"> <br \/><\/span><\/p>\n<p style=\\\"background: white; text-align: justify; line-height: 13.8pt;\\\">\u00a0<\/p>\n","protected":false},"excerpt":{"rendered":"<p>\u00a0Organizado por J\u00e4germeister en colaboraci\u00f3n con el Instituto Europeo de&#8230;<\/p>\n","protected":false},"featured_media":7667,"template":"","meta":{"_acf_changed":false},"categories":[],"noticias":[],"class_list":["post-7666","noticias","type-noticias","status-publish","has-post-thumbnail","hentry"],"acf":[],"_links":{"self":[{"href":"https:\/\/test.madridemprende.anovagroup.es\/fr\/wp-json\/wp\/v2\/noticias\/7666"}],"collection":[{"href":"https:\/\/test.madridemprende.anovagroup.es\/fr\/wp-json\/wp\/v2\/noticias"}],"about":[{"href":"https:\/\/test.madridemprende.anovagroup.es\/fr\/wp-json\/wp\/v2\/types\/noticias"}],"version-history":[{"count":0,"href":"https:\/\/test.madridemprende.anovagroup.es\/fr\/wp-json\/wp\/v2\/noticias\/7666\/revisions"}],"wp:featuredmedia":[{"embeddable":true,"href":"https:\/\/test.madridemprende.anovagroup.es\/fr\/wp-json\/wp\/v2\/media\/7667"}],"wp:attachment":[{"href":"https:\/\/test.madridemprende.anovagroup.es\/fr\/wp-json\/wp\/v2\/media?parent=7666"}],"wp:term":[{"taxonomy":"category","embeddable":true,"href":"https:\/\/test.madridemprende.anovagroup.es\/fr\/wp-json\/wp\/v2\/categories?post=7666"},{"taxonomy":"noticias","embeddable":true,"href":"https:\/\/test.madridemprende.anovagroup.es\/fr\/wp-json\/wp\/v2\/noticias?post=7666"}],"curies":[{"name":"wp","href":"https:\/\/api.w.org\/{rel}","templated":true}]}}