{"id":7684,"date":"2018-04-02T00:00:00","date_gmt":"2018-04-02T00:00:00","guid":{"rendered":"https:\/\/pre.madridemprende.anovagroup.es\/noticias\/madrid-emprende-con-las-manos\/"},"modified":"2022-06-08T11:19:55","modified_gmt":"2022-06-08T09:19:55","slug":"madrid-emprende-con-las-manos","status":"publish","type":"noticias","link":"https:\/\/test.madridemprende.anovagroup.es\/fr\/noticias\/madrid-emprende-con-las-manos\/","title":{"rendered":"Madrid emprende con las manos"},"content":{"rendered":"<p>Desde el martes 3 de abril <strong>#madridemprendeconlasmanos<\/strong> lo que implica que \u00a0cualquier persona sorda podr\u00e1 recibir los servicios de apoyo integral al emprendimiento que el Ayuntamiento de Madrid ofrece a trav\u00e9s de la <strong><a href=\\\"\/es\/apoyo-integral-al-emprendimiento\/ventanilla-unica-del-emprendedor\\\">Ventanilla \u00danica del Emprendedor<\/a> <\/strong>\u00a0y de los <a href=\\\"\/es\/apoyo-integral-al-emprendimiento\/espacios-para-emprender\/que-son-los-viveros-de-empresas\\\"><strong>viveros de empresas<\/strong><\/a>\u00a0 comunicarse a trav\u00e9s de la lengua de signos.<\/p>\n<p>Aquellos emprendedores sordos que quieran utilizar este servicio, podr\u00e1n solicitarlo marcando la casilla correspondiente al solicitar<a href=\\\"https:\/\/www-s.munimadrid.es\/CitaNet\/Principal.do\\\" target=\\\"_blank\\\"> cita previa on line<\/a>. Una vez acudan a su cita presencial, el asesor les facilitar\u00e1 una tablet con la que podr\u00e1n acceder a la plataforma de int\u00e9rpretes de lengua de signos a trav\u00e9s de una videollamada. En tiempo real, el int\u00e9rprete facilitar\u00e1 la comunicaci\u00f3n.\u00a0<\/p>\n<p>Para poder llevar a cabo esta iniciativa, el Ayuntamiento de Madrid ha contratado los servicios de la empresa <strong>Comunicados en Lengua de Signos<\/strong>, ganadora de la primera edici\u00f3n de los <a href=\\\"\/es\/apoyo-integral-al-emprendimiento\/premios-de-emprendimiento\/premios-mad\\\">Premios MAD+ 2017<\/a>, premios de emprendimiento social por un MADrid m\u00e1s justo y m\u00e1s solidario, al que se presentaron por su \u00a0portal para personas sordas con comunicaci\u00f3n visual e instant\u00e1nea mediante webcam.<\/p>\n<p>Hasta ahora, los emprendedores sordos deb\u00edan acudir acompa\u00f1ados de alguien que mediara en la comunicaci\u00f3n, lo que les restaba autonom\u00eda y la comprensi\u00f3n suficiente para llevar a cabo sus proyectos.\u00a0\u00a0\u00a0<\/p>\n<p>Con esta iniciativa se consigue eliminar barreras de comunicaci\u00f3n a trav\u00e9s de la tecnolog\u00eda y, por otro lado, incentivar el emprendimiento entre las personas sordas, hasta la fecha muy castigadas por el desempleo, Madrid emprende con las manos.<\/p>\n<p>Pedro Jes\u00fas Vega, sordo de nacimiento y empresario de hosteler\u00eda. \u201cQuiero felicitar al Ayuntamiento de Madrid y Comunicados por esta iniciativa important\u00edsima. Hace 25 a\u00f1os abr\u00ed un restaurante con mi mujer, que tambi\u00e9n es sorda. No tuvimos ning\u00fan asesoramiento al no haber ning\u00fan tipo de accesibilidad, lo que nos provoc\u00f3 retrasos y problemas en la gesti\u00f3n inicial del negocio. El tener asesoramiento accesible en lengua de signos fomentar\u00e1 que m\u00e1s personas sordas se decidan a montar un negocio y entiendan los recursos que necesitan para hacerlo. \u201c\u00a0\u00a0\u00a0<\/p>\n<p>Inmaculada Hortal (Fundadora y CEO de Comunicados) \u201cTrabajar con el Ayuntamiento de Madrid me hace especialmente feliz, ya que mi vida laboral ha estado siempre vinculada a RRHH y la lengua de signos. Nos supondr\u00e1 un reto y una gran motivaci\u00f3n poder aumentar el n\u00famero de personas sordas emprendedoras\u201d\u00a0\u00a0\u00a0<\/p>\n<p>Mamen Lima, sorda de nacimiento y directora de comunicaci\u00f3n en Comunicados \u201cla accesibilidad es la \u00fanica medida real que asegura la inclusi\u00f3n de las personas sordas en la sociedad. El \u00e1mbito laboral es una de nuestras mayores preocupaciones, y con la plataforma de int\u00e9rpretes de Comunicados conseguiremos estimular el emprendimiento en Madrid\u201d.\u00a0<\/p>\n<p>Antonio Jes\u00fas Vega, hijo de padres sordos y fundador de Comunicados \u201cEstamos muy agradecidos a Concha Diaz de Villegas, la directora general de comercio y emprendimiento del Ayuntamiento de Madrid\u201d. \u201cDesde el reconocimiento en los Premios MAD+ 2017 hemos sentido una gran predisposici\u00f3n, inter\u00e9s y apoyo de la Direcci\u00f3n General de Comercio y Emprendimiento por facilitar la accesibilidad a las persona sordas en Madrid. Supone un paso pionero e innovador en el \u00e1mbito del emprendimiento en la comunidad sorda, que hasta ahora han demostrado grandes capacidades y necesitan herramientas que faciliten su inclusi\u00f3n\u201d.\u00a0\u00a0\u00a0<\/p>\n","protected":false},"excerpt":{"rendered":"<p>Desde el martes 3 de abril #madridemprendeconlasmanos lo que implica que&#8230;<\/p>\n","protected":false},"featured_media":7685,"template":"","meta":{"_acf_changed":false},"categories":[],"noticias":[],"class_list":["post-7684","noticias","type-noticias","status-publish","has-post-thumbnail","hentry"],"acf":[],"_links":{"self":[{"href":"https:\/\/test.madridemprende.anovagroup.es\/fr\/wp-json\/wp\/v2\/noticias\/7684"}],"collection":[{"href":"https:\/\/test.madridemprende.anovagroup.es\/fr\/wp-json\/wp\/v2\/noticias"}],"about":[{"href":"https:\/\/test.madridemprende.anovagroup.es\/fr\/wp-json\/wp\/v2\/types\/noticias"}],"version-history":[{"count":0,"href":"https:\/\/test.madridemprende.anovagroup.es\/fr\/wp-json\/wp\/v2\/noticias\/7684\/revisions"}],"wp:featuredmedia":[{"embeddable":true,"href":"https:\/\/test.madridemprende.anovagroup.es\/fr\/wp-json\/wp\/v2\/media\/7685"}],"wp:attachment":[{"href":"https:\/\/test.madridemprende.anovagroup.es\/fr\/wp-json\/wp\/v2\/media?parent=7684"}],"wp:term":[{"taxonomy":"category","embeddable":true,"href":"https:\/\/test.madridemprende.anovagroup.es\/fr\/wp-json\/wp\/v2\/categories?post=7684"},{"taxonomy":"noticias","embeddable":true,"href":"https:\/\/test.madridemprende.anovagroup.es\/fr\/wp-json\/wp\/v2\/noticias?post=7684"}],"curies":[{"name":"wp","href":"https:\/\/api.w.org\/{rel}","templated":true}]}}