{"id":7738,"date":"2018-05-21T00:00:00","date_gmt":"2018-05-21T00:00:00","guid":{"rendered":"https:\/\/pre.madridemprende.anovagroup.es\/noticias\/higueras-y-arce-visitan-el-mercado-municipal-de-productores-planetario\/"},"modified":"2022-06-08T11:01:37","modified_gmt":"2022-06-08T09:01:37","slug":"higueras-y-arce-visitan-el-mercado-municipal-de-productores-planetario","status":"publish","type":"noticias","link":"https:\/\/test.madridemprende.anovagroup.es\/fr\/noticias\/higueras-y-arce-visitan-el-mercado-municipal-de-productores-planetario\/","title":{"rendered":"Higueras y Arce visitan el mercado municipal de productores Planetario"},"content":{"rendered":"<p class=\\\"MsoNormal\\\" style=\\\"box-sizing: border-box; margin: 0px 0px 10px; padding: 0px; border: 0px; font-variant-numeric: inherit; font-stretch: inherit; line-height: 1.5em; font-family: Arial; font-size: 14px; vertical-align: baseline; color: #333333; background-color: #ffffff;\\\">La primera edici\u00f3n del mercado municipal de productores se celebra este domingo 20 de mayo en el distrito de Arganzuela con 36 peque\u00f1os productores madrile\u00f1os (comerciantes cuya explotaci\u00f3n se encuentra a una distancia no superior a los 150 kil\u00f3metros de la capital). El mercado se ubica bajo los techados de la avenida del Planetario a pocos metros del IMAX y junto al Parque Tierno Galv\u00e1n y se celebra el tercer domingo de cada mes, en horario de 10 a 16 horas, impulsado por la Direcci\u00f3n General de Comercio y Emprendimiento del \u00e1rea de Equidad, Derechos Sociales y Empleo.<\/p>\n<p class=\\\"MsoNormal\\\" style=\\\"box-sizing: border-box; margin: 0px 0px 10px; padding: 0px; border: 0px; font-variant-numeric: inherit; font-stretch: inherit; line-height: 1.5em; font-family: Arial; font-size: 14px; vertical-align: baseline; color: #333333; background-color: #ffffff;\\\">Marta Higueras, responsable del \u00c1rea, recorri\u00f3 el pasado domingo acompa\u00f1ada de Rommy Arce, Concejala-Presidenta del Distrito de Arganzuela, Concha D\u00edaz de Villegas, Directora General de Comercio y Emprendimiento, las instalaciones de este mercado municipal de productores y ha justificado su puesta en marcha \u201ccomo una respuesta a la creciente demanda de los consumidores por disponer de cauces que les permitan adquirir directamente productos agroalimentarios de los productores. Estos mercados buscan potenciar el consumo sostenible y artesanal de calidad. Y tambi\u00e9n servir\u00e1 para impulsar la creaci\u00f3n de empleo, el emprendimiento y el cuidado medioambiental\u201d, ha explicado.<\/p>\n<p class=\\\"MsoNormal\\\" style=\\\"box-sizing: border-box; margin: 0px 0px 10px; padding: 0px; border: 0px; font-variant-numeric: inherit; font-stretch: inherit; line-height: 1.5em; font-family: Arial; font-size: 14px; vertical-align: baseline; color: #333333; background-color: #ffffff;\\\">Durante la jornada de hoy podr\u00e1n adquirirse, entre otros productos, aceites, carnes, hortalizas y verduras, frutas y zumos naturales, quesos, huevos, miel, dulces, conservas, pasta fresca y aperitivos. Adem\u00e1, para esta edici\u00f3n se han organizado otras actividades como jornadas tem\u00e1ticas, catas de productos, charlas gastron\u00f3micas y talleres para ni\u00f1os.<\/p>\n","protected":false},"excerpt":{"rendered":"<p>La primera edici\u00f3n del mercado municipal de productores se celebra este&#8230;<\/p>\n","protected":false},"featured_media":7739,"template":"","meta":{"_acf_changed":false},"categories":[],"noticias":[],"class_list":["post-7738","noticias","type-noticias","status-publish","has-post-thumbnail","hentry"],"acf":[],"_links":{"self":[{"href":"https:\/\/test.madridemprende.anovagroup.es\/fr\/wp-json\/wp\/v2\/noticias\/7738"}],"collection":[{"href":"https:\/\/test.madridemprende.anovagroup.es\/fr\/wp-json\/wp\/v2\/noticias"}],"about":[{"href":"https:\/\/test.madridemprende.anovagroup.es\/fr\/wp-json\/wp\/v2\/types\/noticias"}],"version-history":[{"count":0,"href":"https:\/\/test.madridemprende.anovagroup.es\/fr\/wp-json\/wp\/v2\/noticias\/7738\/revisions"}],"wp:featuredmedia":[{"embeddable":true,"href":"https:\/\/test.madridemprende.anovagroup.es\/fr\/wp-json\/wp\/v2\/media\/7739"}],"wp:attachment":[{"href":"https:\/\/test.madridemprende.anovagroup.es\/fr\/wp-json\/wp\/v2\/media?parent=7738"}],"wp:term":[{"taxonomy":"category","embeddable":true,"href":"https:\/\/test.madridemprende.anovagroup.es\/fr\/wp-json\/wp\/v2\/categories?post=7738"},{"taxonomy":"noticias","embeddable":true,"href":"https:\/\/test.madridemprende.anovagroup.es\/fr\/wp-json\/wp\/v2\/noticias?post=7738"}],"curies":[{"name":"wp","href":"https:\/\/api.w.org\/{rel}","templated":true}]}}