{"id":7878,"date":"2018-12-12T00:00:00","date_gmt":"2018-12-12T00:00:00","guid":{"rendered":"https:\/\/pre.madridemprende.anovagroup.es\/noticias\/urban-data-eye-y-soulem-ganadores-de-los-premios-mad-2018\/"},"modified":"2022-06-08T10:59:28","modified_gmt":"2022-06-08T08:59:28","slug":"urban-data-eye-y-soulem-ganadores-de-los-premios-mad-2018","status":"publish","type":"noticias","link":"https:\/\/test.madridemprende.anovagroup.es\/fr\/noticias\/urban-data-eye-y-soulem-ganadores-de-los-premios-mad-2018\/","title":{"rendered":"URBAN DATA EYE y SOULEM ganadores de los Premios MAD+ 2018"},"content":{"rendered":"<p>Ayer se realiz\u00f3 la presentaci\u00f3n de los proyectos finalistas y entrega de premios de la II edici\u00f3n de los <a href=\\\"\/es\/apoyo-integral-al-emprendimiento\/premios-de-emprendimiento\/premios-mad\\\" target=\\\"_blank\\\">Premios MAD+ 2018 por un MADrid m\u00e1s justo y m\u00e1s solidario<\/a>, en la Caja de M\u00fasica del Palacio de Cibeles.<\/p>\n<p>El objetivo principal de estos premios es contribuir al reconocimiento de proyectos originales, creativos, innovadores y generadores de impacto social y\/o medioambiental para promover e impulsar el emprendimiento social, as\u00ed como la generaci\u00f3n de empleo e incremento de la actividad econ\u00f3mica del pa\u00eds, contribuyendo al fomento de esta nueva modalidad de emprendimiento.<\/p>\n<p>En esta ocasi\u00f3n, el acto fue conducido por <a href=\\\"https:\/\/www.linkedin.com\/in\/antonellabroglia\/?originalSubdomain=es\\\" target=\\\"_blank\\\">Antonella Broglia<\/a>, embajadora de <a href=\\\"https:\/\/www.ted.com\/\\\" target=\\\"_blank\\\">TEDxSpain<\/a> y\u00a0 <a href=\\\"http:\/\/spain.ashoka.org\/\\\" target=\\\"_blank\\\">Ashoka Spain<\/a>, y colaboradora del programa \u201cPara todos la 2\u201d.<\/p>\n<p>La entrega arranc\u00f3 con las palabras de Concha D\u00edaz de Villegas, directora general <a href=\\\"\/\\\">de Comercio y Emprendimiento del Ayuntamiento de Madrid<\/a> en las que dio la bienvenida a las personas\u00a0 asistentes y a las proyectos participantes en nombre de la alcaldesa de Madrid, Manuela Carmena: \\\u00bbLa finalidad de estos premios es dar visibilidad al emprendimiento social. Hemos visto en esta edici\u00f3n soluciones muy imaginativas a problemas\u00a0 de medioambiente, accesibilidad, <em>big data<\/em> aplicado a la mejorara de espacios urbanos, soluciones de moda para problemas cotidianos, etc\\\u00bb. Del mismo modo inst\u00f3 a todos los asistentes y espectadores a estar pendientes de la tercera edici\u00f3n.<\/p>\n<p>La din\u00e1mica de la jornada consisti\u00f3 en que cada uno de los proyectos finalistas, subieron\u00a0 al escenario y expusieron su proyecto en 5 minutos cronometrados.<\/p>\n<p>Los ganadores del MAD+ 2018 fueron:<\/p>\n<ul>\n<li><strong>Primer premio<\/strong> en met\u00e1lico de 20.000 euros para <strong><a href=\\\"https:\/\/ude.jard.us\/\\\" target=\\\"_blank\\\">Urban Data Eye <\/a><\/strong>\u00a0con su sistema de an\u00e1lisis en tiempo real de espacios p\u00fablicos, usando\u00a0 t\u00e9cnicas de inteligencia artificial y aprovechando las im\u00e1genes de las c\u00e1maras \u00a0p\u00fablicas existentes.<\/li>\n<li><strong>Segundo premio<\/strong> en met\u00e1lico de 4.000 euros para <strong><a href=\\\"https:\/\/www.soulem.org\/\\\" target=\\\"_blank\\\">SoulEM<\/a><\/strong>, empresa social madrile\u00f1a, promovida por la Asociaci\u00f3n Entre Mujeres, cuyo objetivo es erradicar\u00a0 la exclusi\u00f3n, la desigualdad y la explotaci\u00f3n sexual integrando en la sociedad a mujeres a trav\u00e9s de la formaci\u00f3n y la empleabilidad.<\/li>\n<\/ul>\n<p>Los premios fueron entregados por la delegada del \u00c1rea de Equidad, Derechos Sociales y Empleo, Marta Higueras Garrobo, acompa\u00f1ada de Concha D\u00edaz de Villegas.<\/p>\n<p>El resto de los finalistas fueron:<\/p>\n<ul>\n<li><a href=\\\"https:\/\/www.miwuki.com\/index-es\\\" target=\\\"_blank\\\">Miwuki<\/a>, plataforma para que aquellas personas interesadas en adoptar, puedan encontrar animales abandonados en un solo lugar.<\/li>\n<li><a href=\\\"https:\/\/www.achipampanos.com\/\\\" target=\\\"_blank\\\">Achip\u00e1mpanos<\/a>, sociedad que busca la mejorar la calidad de los productos que comemos. Producen cultivos de hoja, hierbas arom\u00e1ticas y flores comestibles sin el uso de pesticidas ni fertilizantes qu\u00edmicos.<\/li>\n<li><a href=\\\"https:\/\/brooch\u00e9.es\/\\\" target=\\\"_blank\\\">Brooch\u00e9<\/a>, empresa dedicada al dise\u00f1o, confecci\u00f3n de toda clase de prendas de vestir y complementos, en especial, lencer\u00eda, camiser\u00eda, mercer\u00eda y g\u00e9neros de punto destinadas en particular a personas con alguna desventaja f\u00edsica.<\/li>\n<li><a href=\\\"https:\/\/www.plantondemand.com\/\\\" target=\\\"_blank\\\">Plant on Demand<\/a>, plataforma <em>software<\/em> creada por una cooperativa de trabajo que conecta a peque\u00f1os y medianos productores, agricultores agroecol\u00f3gicos con los consumidores, comercios locales de productos frescos y ecol\u00f3gicos.<\/li>\n<li><a href=\\\"https:\/\/nostoc.es\/\\\" target=\\\"_blank\\\">Nostoc Biotechnologies<\/a>, empresa que desarrolla soluciones naturales de fertilizaci\u00f3n y protecci\u00f3n para todos los cultivos. Es una alternativa a los productos qu\u00edmicos que se est\u00e1n utilizando masivamente en la actualidad.<\/li>\n<li><a href=\\\"https:\/\/n-ot.com\/\\\" target=\\\"_blank\\\">Nundoing<\/a>, consultor\u00eda e intervenci\u00f3n, basadas en la idea de la no construcci\u00f3n, que consiste fundamentalmente en mejorar la vida de las personas desde la m\u00ednima intervenci\u00f3n y el m\u00e1ximo impacto.<\/li>\n<li><a href=\\\"http:\/\/appfirstcall.com\/\\\" target=\\\"_blank\\\">Firstcall<\/a>, aplicaci\u00f3n que consiste en una herramienta de comunicaci\u00f3n entre usuarios, ciudadanos y servicios de emergencia. Permite lanzar alertas m\u00e9dicas (accidentes, violencia machista, <em>bullying<\/em>, robo, p\u00e9rdida de personas o de mascotas).<\/li>\n<li><a href=\\\"https:\/\/www.changedyslexia.org\/\\\" target=\\\"_blank\\\">Change Dyslexia<\/a>, organizaci\u00f3n independiente que tiene como principal objetivo la reducci\u00f3n global de las tasas de abandono escolar debidas a la dislexia.<\/li>\n<\/ul>\n<p>Mientras deliberaba el jurado se realiz\u00f3 una interesante entrevista\u00a0 a Antonio Vega, uno de los promotores de la empresa <a href=\\\"http:\/\/www.comunicados.es\/\\\" target=\\\"_blank\\\">Comunicados en Lengua de Signos<\/a>, empresa ganadora de la I edici\u00f3n de estos premios,<\/p>\n<p>El acto finaliz\u00f3 con un reconocimiento a todos los representantes de los proyectos finalistas y una foto de familia.<\/p>\n<p>Aqu\u00ed ten\u00e9is el <a href=\\\"https:\/\/www.facebook.com\/pg\/MadridEmprende\/photos\/?tab=album&#038;album_id=10156725970857165\\\" target=\\\"_blank\\\">\u00e1lbum de fotos de la entrega los Premios MAD+ 2018<\/a>.<\/p>\n<p>Si no pudiste acudir al evento aqu\u00ed puedes consultar la\u00a0<a href=\\\"https:\/\/www.facebook.com\/MadridEmprende\/videos\/202555234024393\/\\\" target=\\\"_blank\\\">retransmisi\u00f3n de evento en streaming<\/a><\/p>\n<p>\u00a0<\/p>\n<p>\u00a0<\/p>\n<p>\u00a0<\/p>\n","protected":false},"excerpt":{"rendered":"<p>Ayer se realiz\u00f3 la presentaci\u00f3n de los proyectos finalistas y entrega de&#8230;<\/p>\n","protected":false},"featured_media":7879,"template":"","meta":{"_acf_changed":false},"categories":[],"noticias":[],"class_list":["post-7878","noticias","type-noticias","status-publish","has-post-thumbnail","hentry"],"acf":[],"_links":{"self":[{"href":"https:\/\/test.madridemprende.anovagroup.es\/fr\/wp-json\/wp\/v2\/noticias\/7878"}],"collection":[{"href":"https:\/\/test.madridemprende.anovagroup.es\/fr\/wp-json\/wp\/v2\/noticias"}],"about":[{"href":"https:\/\/test.madridemprende.anovagroup.es\/fr\/wp-json\/wp\/v2\/types\/noticias"}],"version-history":[{"count":0,"href":"https:\/\/test.madridemprende.anovagroup.es\/fr\/wp-json\/wp\/v2\/noticias\/7878\/revisions"}],"wp:featuredmedia":[{"embeddable":true,"href":"https:\/\/test.madridemprende.anovagroup.es\/fr\/wp-json\/wp\/v2\/media\/7879"}],"wp:attachment":[{"href":"https:\/\/test.madridemprende.anovagroup.es\/fr\/wp-json\/wp\/v2\/media?parent=7878"}],"wp:term":[{"taxonomy":"category","embeddable":true,"href":"https:\/\/test.madridemprende.anovagroup.es\/fr\/wp-json\/wp\/v2\/categories?post=7878"},{"taxonomy":"noticias","embeddable":true,"href":"https:\/\/test.madridemprende.anovagroup.es\/fr\/wp-json\/wp\/v2\/noticias?post=7878"}],"curies":[{"name":"wp","href":"https:\/\/api.w.org\/{rel}","templated":true}]}}