{"id":7902,"date":"2019-02-07T00:00:00","date_gmt":"2019-02-07T00:00:00","guid":{"rendered":"https:\/\/pre.madridemprende.anovagroup.es\/noticias\/abierto-el-plazo-de-solicitud-de-ayudas-para-la-modernizacion-de-mercados-municipales-y-galerias-de-alimentacion\/"},"modified":"2022-06-08T10:59:05","modified_gmt":"2022-06-08T08:59:05","slug":"abierto-el-plazo-de-solicitud-de-ayudas-para-la-modernizacion-de-mercados-municipales-y-galerias-de-alimentacion","status":"publish","type":"noticias","link":"https:\/\/test.madridemprende.anovagroup.es\/fr\/noticias\/abierto-el-plazo-de-solicitud-de-ayudas-para-la-modernizacion-de-mercados-municipales-y-galerias-de-alimentacion\/","title":{"rendered":"Abierto el plazo de solicitud de ayudas para la modernizaci\u00f3n de mercados municipales y galer\u00edas de alimentaci\u00f3n"},"content":{"rendered":"<div style=\"box-sizing: border-box; font-family: Lato, sans-serif; font-size: 14px; background-color: #ffffff; text-align: justify;\">El 6 de febrero\u00a0se ha publicado en el Bolet\u00edn Oficial del Ayuntamiento de Madrid\u00a0<strong style=\"box-sizing: border-box;\">la nueva convocatoria de ayudas<\/strong>\u00a0dirigida a modernizaci\u00f3n y dinamizaci\u00f3n de los mercados municipales y galer\u00edas de alimentaci\u00f3n.<br style=\"box-sizing: border-box;\" \/><br style=\"box-sizing: border-box;\" \/><strong style=\"box-sizing: border-box;\">Los beneficiarios<\/strong>\u00a0son:<br style=\"box-sizing: border-box;\" \/><\/p>\n<div style=\"box-sizing: border-box;\">\n<ul style=\"box-sizing: border-box; margin: 0px 0px 30px; padding: 0px;\">\n<li style=\"box-sizing: border-box; margin: 0px 0px 0px 30px; padding: 0px;\">Titulares de concesi\u00f3n administrativa de los mercados municipales<\/li>\n<li style=\"box-sizing: border-box; margin: 0px 0px 0px 30px; padding: 0px;\">Usuarios que ejercen su actividad\u00a0en locales de mercados municipales<\/li>\n<li style=\"box-sizing: border-box; margin: 0px 0px 0px 30px; padding: 0px;\">Titulares de galer\u00edas de alimentaci\u00f3n\u00a0que figuran en el Anexo I de esta Convocatoria<\/li>\n<li style=\"box-sizing: border-box; margin: 0px 0px 0px 30px; padding: 0px;\">Comerciantes que ejerzan su actividad en un local de estas\u00a0galer\u00edas de alimentaci\u00f3n\u00a0<\/li>\n<\/ul>\n<p>Los\u00a0<strong style=\"box-sizing: border-box;\">proyectos\u00a0<\/strong>que pueden recibir ayudas son los siguientes:<br style=\"box-sizing: border-box;\" \/><\/p>\n<div style=\"box-sizing: border-box;\">\n<ul>\n<li>Obras de construcci\u00f3n, reforma integral, modernizaci\u00f3n o acondicionamiento de edificios, locales o instalaciones.<\/li>\n<li>Supresi\u00f3n de barreras arquitect\u00f3nicas.<\/li>\n<li>Modernizaci\u00f3n de aseos p\u00fablicos y dependencias para uso de los trabajadores de estos establecimientos.<\/li>\n<li>Mejora de la accesibilidad de las instalaciones.<\/li>\n<li>Obras e instalaciones destinadas al consumo racional de recursos energ\u00e9ticos o reducci\u00f3n de impacto medioambiental de los residuos generados.<\/li>\n<li>Instalaci\u00f3n de puntos de recarga de veh\u00edculos el\u00e9ctricos.<\/li>\n<li>Acciones de promoci\u00f3n.<\/li>\n<li>Instalaci\u00f3n de equipos de fr\u00edo industrial.<\/li>\n<li>Adquisici\u00f3n e instalaci\u00f3n de mostradores, vitrinas y expositores de venta al p\u00fablico.<\/li>\n<li>Aplicaci\u00f3n de nuevas tecnolog\u00edas para el comercio electr\u00f3nico<\/li>\n<li>Certificaci\u00f3n, calificaci\u00f3n, de la eficiencia energ\u00e9tica en mercados municipales y galer\u00edas de alimentaci\u00f3n<\/li>\n<li>Obtenci\u00f3n e implantaci\u00f3n de est\u00e1ndares de calidad, planes de seguridad, cartas o gu\u00edas de servicios<\/li>\n<li>Proyectos de colaboraci\u00f3n con la red de huertos urbanos y desarrollo de experiencias de agrocompostaje<\/li>\n<\/ul>\n<p>El\u00a0<strong style=\"box-sizing: border-box;\">plazo de ejecuci\u00f3n<\/strong>\u00a0de estos proyectos es el comprendido entre el 1 de agosto\u00a0de 2018 y el 31 de julio de 2019.<br style=\"box-sizing: border-box;\" \/><br style=\"box-sizing: border-box;\" \/><\/p>\n<div style=\"box-sizing: border-box;\"><strong style=\"box-sizing: border-box;\">M\u00e1s informaci\u00f3n<\/strong>\u00a0sobre la tipolog\u00eda de los proyectos subvencionables, l\u00edmites y cuant\u00edas de subvenci\u00f3n, o documentaci\u00f3n necesaria para su presentaci\u00f3n, en los siguientes enlaces:<\/div>\n<div style=\"box-sizing: border-box;\">\n<ul style=\"box-sizing: border-box; margin: 0px 0px 30px; padding: 0px;\">\n<li style=\"box-sizing: border-box; margin: 0px 0px 0px 30px; padding: 0px;\"><a href=\"https:\/\/sede.madrid.es\/sites\/v\/index.jsp?vgnextoid=cc6524b794a78610VgnVCM1000001d4a900aRCRD&#038;vgnextchannel=23a99c5ffb020310VgnVCM100000171f5a0aRCRD&#038;rm=ff51176a32f0b510VgnVCM2000001f4a900aRCRD\" target=\"_blank\" rel=\"noopener\">Solicitud y tr\u00e1mite de la convocatoria.<\/a><\/li>\n<li style=\"box-sizing: border-box; margin: 0px 0px 0px 30px; padding: 0px;\"><a style=\"box-sizing: border-box; background-color: transparent; color: #e20377; text-decoration-line: none !important;\" href=\"\/es\/comercio-y-mercados\/ayudas-y-subvenciones\" target=\"_blank\" rel=\"noopener\">M\u00e1s informaci\u00f3n sobre ayudas y subvenciones.<\/a><\/li>\n<\/ul>\n<\/div>\n<\/div>\n<\/div>\n<\/div>\n<div style=\"box-sizing: border-box; font-family: Lato, sans-serif; font-size: 14px; color: #555555; background-color: #ffffff; text-align: justify;\">\u00a0<\/div>\n","protected":false},"excerpt":{"rendered":"<p>El 6 de febrero\u00a0se ha publicado en el Bolet\u00edn Oficial del Ayuntamiento de&#8230;<\/p>\n","protected":false},"featured_media":7903,"template":"","meta":{"_acf_changed":false},"categories":[],"noticias":[],"class_list":["post-7902","noticias","type-noticias","status-publish","has-post-thumbnail","hentry"],"acf":[],"_links":{"self":[{"href":"https:\/\/test.madridemprende.anovagroup.es\/fr\/wp-json\/wp\/v2\/noticias\/7902"}],"collection":[{"href":"https:\/\/test.madridemprende.anovagroup.es\/fr\/wp-json\/wp\/v2\/noticias"}],"about":[{"href":"https:\/\/test.madridemprende.anovagroup.es\/fr\/wp-json\/wp\/v2\/types\/noticias"}],"version-history":[{"count":0,"href":"https:\/\/test.madridemprende.anovagroup.es\/fr\/wp-json\/wp\/v2\/noticias\/7902\/revisions"}],"wp:featuredmedia":[{"embeddable":true,"href":"https:\/\/test.madridemprende.anovagroup.es\/fr\/wp-json\/wp\/v2\/media\/7903"}],"wp:attachment":[{"href":"https:\/\/test.madridemprende.anovagroup.es\/fr\/wp-json\/wp\/v2\/media?parent=7902"}],"wp:term":[{"taxonomy":"category","embeddable":true,"href":"https:\/\/test.madridemprende.anovagroup.es\/fr\/wp-json\/wp\/v2\/categories?post=7902"},{"taxonomy":"noticias","embeddable":true,"href":"https:\/\/test.madridemprende.anovagroup.es\/fr\/wp-json\/wp\/v2\/noticias?post=7902"}],"curies":[{"name":"wp","href":"https:\/\/api.w.org\/{rel}","templated":true}]}}