{"id":7930,"date":"2019-03-04T00:00:00","date_gmt":"2019-03-04T00:00:00","guid":{"rendered":"https:\/\/pre.madridemprende.anovagroup.es\/noticias\/madrid-capital-de-moda-estrena-nueva-web\/"},"modified":"2022-06-08T10:59:01","modified_gmt":"2022-06-08T08:59:01","slug":"madrid-capital-de-moda-estrena-nueva-web","status":"publish","type":"noticias","link":"https:\/\/test.madridemprende.anovagroup.es\/fr\/noticias\/madrid-capital-de-moda-estrena-nueva-web\/","title":{"rendered":"Madrid Capital de Moda estrena nueva web"},"content":{"rendered":"<div style=\"text-align: justify;\"><span style=\"font-family: lato;\">El proyecto Madrid Capital de Moda cuenta con una nueva web para que los usuarios puedan seguir disfrutando de todas las novedades en moda, gastronom\u00eda, decoraci\u00f3n y dem\u00e1s eventos que tienen lugar en Madrid.<\/span><\/div>\n<div style=\"text-align: justify;\"><span style=\"font-family: lato;\">El concepto que se ha seguido a la hora de crear esta nueva p\u00e1gina web es el de la accesibilidad, por eso se han realizado una serie de cambios para aproximar Madrid Capital de Moda a todos usuarios, ya que lo m\u00e1s importante de todo es la divulgaci\u00f3n de la informaci\u00f3n de una manera clara, sencilla y comprensible. <\/span><\/div>\n<div style=\"text-align: justify;\"><span style=\"font-family: lato;\">La home es la aut\u00e9ntica protagonista, en la\u00a0 que el usuario que acceda a la nueva web podr\u00e1 encontrar todas las novedades de un solo vistazo. En la p\u00e1gina principal se encontrar\u00e1n distintos accesos a los men\u00fas de la web como noticias, zonas comerciales o el calendario de eventos, para que los usuarios puedan estar informados en todo momento de todo lo que sucede en Madrid.<\/span><\/div>\n<div style=\"text-align: justify;\"><span style=\"font-family: lato;\">La intenci\u00f3n principal de esta nueva web es mejorar la anterior, pero sin perder la esencia est\u00e9tica de un portal que est\u00e1 dedicado expresamente a la moda y eventos culturales de Madrid. Se conserva por tanto el gusto por el contraste entre el blanco y el negro y la presencia de im\u00e1genes de mayor tama\u00f1o, siguiendo la est\u00e9tica de la propia marca MCDM.<\/span><\/div>\n<div style=\"text-align: justify;\"><span style=\"font-family: lato;\">As\u00ed mismo, con la nueva web lo que se pretende conseguir que MCDM cuente con un\u00a0 portal online m\u00e1s intuitivo para los usuarios. <\/span><\/div>\n<div style=\"text-align: justify;\"><span style=\"font-family: lato;\">Desde hace a\u00f1os Madrid Capital de Moda es un portal abierto en el que tienen cabida todos los eventos de tendencias celebrados en la ciudad. Esta iniciativa es una gu\u00eda para dar a conocer las propuestas m\u00e1s significativas, tanto de entidades p\u00fablicas como privadas, que convierten a Madrid en una capital de moda a nivel internacional.<\/span><\/div>\n<div style=\"text-align: justify;\"><span style=\"font-family: lato;\">Madrid Capital de Moda cuenta con el apoyo de instituciones y asociaciones para dar cabida a todo lo relacionado con distintos sectores como la moda, la belleza, la decoraci\u00f3n, la gastronom\u00eda y el estilo de vida en general. <\/span><\/div>\n<p>\u00a0<\/p>\n<p>\u00a0<\/p>\n","protected":false},"excerpt":{"rendered":"<p>El proyecto Madrid Capital de Moda cuenta con una nueva web para que los&#8230;<\/p>\n","protected":false},"featured_media":7931,"template":"","meta":{"_acf_changed":false},"categories":[],"noticias":[],"class_list":["post-7930","noticias","type-noticias","status-publish","has-post-thumbnail","hentry"],"acf":[],"_links":{"self":[{"href":"https:\/\/test.madridemprende.anovagroup.es\/fr\/wp-json\/wp\/v2\/noticias\/7930"}],"collection":[{"href":"https:\/\/test.madridemprende.anovagroup.es\/fr\/wp-json\/wp\/v2\/noticias"}],"about":[{"href":"https:\/\/test.madridemprende.anovagroup.es\/fr\/wp-json\/wp\/v2\/types\/noticias"}],"version-history":[{"count":0,"href":"https:\/\/test.madridemprende.anovagroup.es\/fr\/wp-json\/wp\/v2\/noticias\/7930\/revisions"}],"wp:featuredmedia":[{"embeddable":true,"href":"https:\/\/test.madridemprende.anovagroup.es\/fr\/wp-json\/wp\/v2\/media\/7931"}],"wp:attachment":[{"href":"https:\/\/test.madridemprende.anovagroup.es\/fr\/wp-json\/wp\/v2\/media?parent=7930"}],"wp:term":[{"taxonomy":"category","embeddable":true,"href":"https:\/\/test.madridemprende.anovagroup.es\/fr\/wp-json\/wp\/v2\/categories?post=7930"},{"taxonomy":"noticias","embeddable":true,"href":"https:\/\/test.madridemprende.anovagroup.es\/fr\/wp-json\/wp\/v2\/noticias?post=7930"}],"curies":[{"name":"wp","href":"https:\/\/api.w.org\/{rel}","templated":true}]}}