{"id":7944,"date":"2019-03-29T00:00:00","date_gmt":"2019-03-29T00:00:00","guid":{"rendered":"https:\/\/pre.madridemprende.anovagroup.es\/noticias\/acto-de-clausura-de-la-ii-edicion-del-programa-lanzate\/"},"modified":"2022-06-08T10:59:00","modified_gmt":"2022-06-08T08:59:00","slug":"acto-de-clausura-de-la-ii-edicion-del-programa-lanzate","status":"publish","type":"noticias","link":"https:\/\/test.madridemprende.anovagroup.es\/fr\/noticias\/acto-de-clausura-de-la-ii-edicion-del-programa-lanzate\/","title":{"rendered":"Acto de clausura de la II Edici\u00f3n del programa L\u00e1nzate"},"content":{"rendered":"<p style=\"margin: 0cm 0cm 0pt; text-align: justify; mso-pagination: none; mso-layout-grid-align: none;\"><span lang=\"ES-TRAD\" style=\"color: black; font-family: 'Lato','sans-serif'; mso-bidi-font-family: Arial; mso-themecolor: text1;\">La ministra de Industria, Comercio y Turismo, Reyes Maroto, ha clausurado hoy la segunda edici\u00f3n del programa <\/span><span lang=\"ES-TRAD\"><a href=\"http:\/\/sedigitalylanzate.es\/lanzate\/\"><strong><span style=\"color: black; font-family: 'Lato','sans-serif'; mso-bidi-font-family: Arial; mso-themecolor: text1;\">L\u00e1nzate<\/span><\/strong><\/a><\/span><span lang=\"ES-TRAD\" style=\"color: black; font-family: 'Lato','sans-serif'; mso-bidi-font-family: Arial; mso-themecolor: text1;\">, en una ceremonia que ha tenido lugar en la oficinas de Orange en Madrid y a la que han asistido tanto los seis ganadores de la edici\u00f3n 2018-2019 como los mentores que han participado en el programa.<\/span><\/p>\n<p style=\"margin: 0cm 0cm 0pt; text-align: justify; mso-pagination: none; mso-layout-grid-align: none;\"><span lang=\"ES-TRAD\" style=\"color: black; font-family: 'Lato','sans-serif'; mso-bidi-font-family: Arial; mso-themecolor: text1;\">\u00a0<\/span><\/p>\n<p style=\"margin: 0cm 0cm 0pt; text-align: justify; mso-pagination: none; mso-layout-grid-align: none;\"><strong><span lang=\"ES-TRAD\" style=\"color: black; font-family: 'Lato','sans-serif'; mso-bidi-font-family: Arial; mso-themecolor: text1;\">L\u00e1nzate<\/span><\/strong><span lang=\"ES-TRAD\" style=\"color: black; font-family: 'Lato','sans-serif'; mso-bidi-font-family: Arial; mso-themecolor: text1;\"> es un programa gratuito de impulso a emprendedores puesto en marcha por <\/span><span lang=\"ES-TRAD\"><a href=\"https:\/\/www.eoi.es\/\"><strong><span style=\"color: black; font-family: 'Lato','sans-serif'; mso-bidi-font-family: Arial; mso-themecolor: text1;\">EOI Escuela de Organizaci\u00f3n Industrial<\/span><\/strong><\/a><\/span><span lang=\"ES-TRAD\" style=\"color: black; font-family: 'Lato','sans-serif'; mso-bidi-font-family: Arial; mso-themecolor: text1;\">en colaboraci\u00f3n con <\/span><span lang=\"ES-TRAD\"><a href=\"https:\/\/www.orange.es\/\"><strong><span style=\"color: black; font-family: 'Lato','sans-serif'; mso-bidi-font-family: Arial; mso-themecolor: text1;\">Orange<\/span><\/strong><\/a><\/span><span lang=\"ES-TRAD\" style=\"color: black; font-family: 'Lato','sans-serif'; mso-bidi-font-family: Arial; mso-themecolor: text1;\">para apoyar ideas de negocio innovadoras y prometedoras en el entorno de la nueva econom\u00eda digital global.<\/span><\/p>\n<p style=\"margin: 0cm 0cm 0pt; text-align: justify; mso-pagination: none; mso-layout-grid-align: none;\"><span lang=\"ES-TRAD\" style=\"color: black; font-family: 'Lato','sans-serif'; mso-bidi-font-family: Arial; mso-themecolor: text1;\">\u00a0<\/span><\/p>\n<p style=\"margin: 0cm 0cm 0pt; text-align: justify; mso-pagination: none; mso-layout-grid-align: none;\"><span lang=\"ES-TRAD\" style=\"color: black; font-family: 'Lato','sans-serif'; mso-bidi-font-family: Arial; mso-themecolor: text1;\">En concreto los seis ganadores \u2013de un total de 20 finalistas y 128 candidaturas- han sido: <strong>Invertidos <\/strong>(servicios financieros m\u00f3viles), <\/span><span lang=\"ES-TRAD\"><a href=\"https:\/\/pensumo.com\/\"><strong><span style=\"color: black; font-family: 'Lato','sans-serif'; mso-bidi-font-family: Arial; mso-themecolor: text1;\">Pensumo<\/span><\/strong><\/a><\/span><span lang=\"ES-TRAD\" style=\"color: black; font-family: 'Lato','sans-serif'; mso-bidi-font-family: Arial; mso-themecolor: text1;\">(econom\u00eda colaborativa), <\/span><span lang=\"ES-TRAD\"><a href=\"https:\/\/virtualduckeye.com\/\"><strong><span style=\"color: black; font-family: 'Lato','sans-serif'; mso-bidi-font-family: Arial; mso-themecolor: text1;\">Dicopt<\/span><\/strong><\/a><\/span><span lang=\"ES-TRAD\" style=\"color: black; font-family: 'Lato','sans-serif'; mso-bidi-font-family: Arial; mso-themecolor: text1;\">(realidad virtual), <\/span><span lang=\"ES-TRAD\"><a href=\"https:\/\/www.acuilae.com\/\"><strong><span style=\"color: black; font-family: 'Lato','sans-serif'; mso-bidi-font-family: Arial; mso-themecolor: text1;\">Ethyka<\/span><\/strong><\/a><\/span><span lang=\"ES-TRAD\" style=\"color: black; font-family: 'Lato','sans-serif'; mso-bidi-font-family: Arial; mso-themecolor: text1;\">(innovaci\u00f3n social), <\/span><span lang=\"ES-TRAD\"><a href=\"https:\/\/www.weeenkiteboarding.com\/\"><strong><span style=\"color: black; font-family: 'Lato','sans-serif'; mso-bidi-font-family: Arial; mso-themecolor: text1;\">Weeen Kiteboarding<\/span><\/strong><\/a><\/span><span lang=\"ES-TRAD\" style=\"color: black; font-family: 'Lato','sans-serif'; mso-bidi-font-family: Arial; mso-themecolor: text1;\"> (internet de las cosas) y <\/span><span lang=\"ES-TRAD\"><a href=\"https:\/\/www.ara-tech.es\/\"><strong><span style=\"color: black; font-family: 'Lato','sans-serif'; mso-bidi-font-family: Arial; mso-themecolor: text1;\">Aratech Lifestyle Technology<\/span><\/strong><\/a><\/span><span lang=\"ES-TRAD\" style=\"color: black; font-family: 'Lato','sans-serif'; mso-bidi-font-family: Arial; mso-themecolor: text1;\"> (salud\/eHealth).<\/span><\/p>\n<p style=\"margin: 0cm 0cm 0pt; text-align: justify; mso-pagination: none; mso-layout-grid-align: none;\"><span lang=\"ES-TRAD\" style=\"color: black; font-family: 'Lato','sans-serif'; mso-bidi-font-family: Arial; mso-themecolor: text1;\">\u00a0<\/span><\/p>\n<p style=\"margin: 0cm 0cm 0pt; text-align: justify; mso-pagination: none; mso-layout-grid-align: none;\"><span lang=\"ES-TRAD\" style=\"color: black; font-family: 'Lato','sans-serif'; mso-bidi-font-family: Arial; mso-themecolor: text1;\">A lo largo de los dos \u00faltimos meses, estos emprendedores han contado con el excepcional apoyo y asesor\u00eda de advisors o mentores, todos ellos l\u00edderes empresariales del sector TIC. En esta edici\u00f3n, el equipo de advisors ha estado formado por <strong>Silvio Gonz\u00e1lez<\/strong>, CEO de AtresMedia; <strong>Irene Cano<\/strong>, Country Manager Iberia de Facebook; <strong>Mar\u00eda Valenzuela<\/strong>, Senior Vice President de Sony Pictures Television; <strong>Jos\u00e9 Antonio L\u00f3pez<\/strong>, CEO de Ericsson; <strong>Rodrigo del Prado<\/strong>, Director General de BQ; <strong>Pilar L\u00f3pez<\/strong>, CEO de Microsoft Ib\u00e9rica; <strong>Marta Mart\u00ednez<\/strong>, Presidenta de IBM Espa\u00f1a; <strong>Helena Herrero<\/strong>, Presidenta de Hewlett Packard; <strong>Almudena Rom\u00e1n<\/strong>, Directora General de ING DIRECT; y <strong>Laurent Paillassot<\/strong>, CEO de Orange Espa\u00f1a.<\/span><\/p>\n<p style=\"margin: 0cm 0cm 0pt; text-align: justify; mso-pagination: none; mso-layout-grid-align: none;\"><span lang=\"ES-TRAD\" style=\"color: black; font-family: 'Lato','sans-serif'; mso-bidi-font-family: Arial; mso-themecolor: text1;\">\u00a0<\/span><\/p>\n<p style=\"margin: 0cm 0cm 0pt; text-align: justify; mso-pagination: none; mso-layout-grid-align: none;\"><span lang=\"ES-TRAD\" style=\"color: black; font-family: 'Lato','sans-serif'; mso-bidi-font-family: Arial; mso-themecolor: text1;\">Durante su intervenci\u00f3n, la ministra de Industria, <strong>Reyes Maroto<\/strong>, ha destacado <em>\u201cel valor que aportan iniciativas de colaboraci\u00f3n p\u00fablico-privadas como L\u00e1nzate. En Espa\u00f1a hay mucho talento, aunque quiz\u00e1 a\u00fan falte algo de representaci\u00f3n. Por ello, son tan decisivos los proyectos de impulso liderados por administraciones y empresas.\u201d<\/em><\/span><\/p>\n<p style=\"margin: 0cm 0cm 0pt; text-align: justify; mso-pagination: none; mso-layout-grid-align: none;\"><em><span lang=\"ES-TRAD\" style=\"color: black; font-family: 'Lato','sans-serif'; mso-bidi-font-family: Arial; mso-themecolor: text1;\">\u00a0<\/span><\/em><\/p>\n<p style=\"margin: 0cm 0cm 0pt; text-align: justify; mso-pagination: none; mso-layout-grid-align: none;\"><span lang=\"ES-TRAD\" style=\"color: black; font-family: 'Lato','sans-serif'; mso-bidi-font-family: Arial; mso-themecolor: text1;\">En programa <strong style=\"mso-bidi-font-weight: normal;\">L\u00e1nzate<\/strong> se desarrolla dentro del Convenio de colaboraci\u00f3n suscrito por el Ayuntamiento de Madrid con la EOI y Orange para el apoyo a la formaci\u00f3n y al emprendimiento de car\u00e1cter digital basado en la innovaci\u00f3n. Adem\u00e1s cuenta con la colaboraci\u00f3n de CEOE, la Fundaci\u00f3n COTEC para la Innovaci\u00f3n, las C\u00e1mara de Comercio de Valencia, Andaluc\u00eda Emprende, la Asociaci\u00f3n Espa\u00f1ola de Econom\u00eda Digital (Adigital), la empresa p\u00fablica ENISA (dependiente del Ministerio de Industria, Comercio y Turismo, a trav\u00e9s de la Direcci\u00f3n General de Industria y de la Pyme), DigitalES, I2cat, Fundaci\u00f3n MWC, la Universidad Polit\u00e9cnica de Valencia y los Espacios Coworking \u2018Go2Work\u2019 de EOI cofinanciados por Fondo Social Europeo.<\/span><\/p>\n<p style=\"margin: 0cm 0cm 0pt; text-align: justify; mso-pagination: none; mso-layout-grid-align: none;\"><span lang=\"ES-TRAD\" style=\"color: black; font-family: 'Lato','sans-serif'; mso-bidi-font-family: Arial; mso-themecolor: text1;\">\u00a0<\/span><\/p>\n<p style=\"margin: 0cm 0cm 0pt; text-align: justify; mso-pagination: none; mso-layout-grid-align: none;\"><span lang=\"ES-TRAD\" style=\"color: black; font-family: 'Lato','sans-serif'; mso-bidi-font-family: Arial; mso-themecolor: text1;\">\u00a0<\/span><\/p>\n<p style=\"margin: 0cm 0cm 0pt; text-align: justify;\"><span lang=\"ES-TRAD\" style=\"color: black; font-family: 'Lato','sans-serif'; mso-bidi-font-family: Arial; mso-themecolor: text1;\">Si quieres saber m\u00e1s sobre el programa <strong>L\u00e1nzate<\/strong>, <\/span><span lang=\"ES-TRAD\"><a href=\"https:\/\/youtu.be\/S0dtruHMXLQ\"><span style=\"color: black; font-family: 'Lato','sans-serif'; mso-bidi-font-family: Arial; mso-themecolor: text1;\">pincha para ver el v\u00eddeo<\/span><\/a><\/span><span lang=\"ES-TRAD\" style=\"color: black; font-family: 'Lato','sans-serif'; mso-bidi-font-family: Arial; mso-themecolor: text1;\">.<\/span><\/p>\n","protected":false},"excerpt":{"rendered":"<p>La ministra de Industria, Comercio y Turismo, Reyes Maroto, ha clausurado&#8230;<\/p>\n","protected":false},"featured_media":7945,"template":"","meta":{"_acf_changed":false},"categories":[],"noticias":[],"class_list":["post-7944","noticias","type-noticias","status-publish","has-post-thumbnail","hentry"],"acf":[],"_links":{"self":[{"href":"https:\/\/test.madridemprende.anovagroup.es\/fr\/wp-json\/wp\/v2\/noticias\/7944"}],"collection":[{"href":"https:\/\/test.madridemprende.anovagroup.es\/fr\/wp-json\/wp\/v2\/noticias"}],"about":[{"href":"https:\/\/test.madridemprende.anovagroup.es\/fr\/wp-json\/wp\/v2\/types\/noticias"}],"version-history":[{"count":0,"href":"https:\/\/test.madridemprende.anovagroup.es\/fr\/wp-json\/wp\/v2\/noticias\/7944\/revisions"}],"wp:featuredmedia":[{"embeddable":true,"href":"https:\/\/test.madridemprende.anovagroup.es\/fr\/wp-json\/wp\/v2\/media\/7945"}],"wp:attachment":[{"href":"https:\/\/test.madridemprende.anovagroup.es\/fr\/wp-json\/wp\/v2\/media?parent=7944"}],"wp:term":[{"taxonomy":"category","embeddable":true,"href":"https:\/\/test.madridemprende.anovagroup.es\/fr\/wp-json\/wp\/v2\/categories?post=7944"},{"taxonomy":"noticias","embeddable":true,"href":"https:\/\/test.madridemprende.anovagroup.es\/fr\/wp-json\/wp\/v2\/noticias?post=7944"}],"curies":[{"name":"wp","href":"https:\/\/api.w.org\/{rel}","templated":true}]}}