{"id":7976,"date":"2019-06-12T00:00:00","date_gmt":"2019-06-12T00:00:00","guid":{"rendered":"https:\/\/pre.madridemprende.anovagroup.es\/noticias\/el-16-de-junio-mercado-municipal-de-productores-de-planetario-celebra-la-ultima-edicion-de-la-temporada-antes-del-verano\/"},"modified":"2022-06-08T10:46:50","modified_gmt":"2022-06-08T08:46:50","slug":"el-16-de-junio-mercado-municipal-de-productores-de-planetario-celebra-la-ultima-edicion-de-la-temporada-antes-del-verano","status":"publish","type":"noticias","link":"https:\/\/test.madridemprende.anovagroup.es\/fr\/noticias\/el-16-de-junio-mercado-municipal-de-productores-de-planetario-celebra-la-ultima-edicion-de-la-temporada-antes-del-verano\/","title":{"rendered":"El 16 de junio Mercado Municipal de Productores de Planetario celebra la \u00faltima edici\u00f3n de la temporada antes del verano"},"content":{"rendered":"<p style=\"text-align: justify;\">Mediante la celebraci\u00f3n de este Mercado de Productores, organizado por el Ayuntamiento de Madrid a trav\u00e9s del \u00c1rea de Gobierno de Equidad, Derechos Sociales y Empleo, pretende fomentar el consumo consciente, responsable y sostenible, por lo que los visitantes pueden encontrar una amplia variedad de alimentos y bebidas de \u2018kil\u00f3metro 0\u2019. Al ser productos de cercan\u00eda, sin intermediarios el reparto es m\u00e1s justo, los alimentos son m\u00e1s sabrosos y saludables, se reduce las emisiones de CO2 producidas por el transporte y, no menos importante, al elegir estos productos se ayuda a la econom\u00eda local.<\/p>\n<div style=\"text-align: justify;\">En los puestos se podr\u00e1n adquirir quesos, aceites, miel, conservas, huevos ecol\u00f3gicos, pan, cerveza artesana, garbanzos, verduras y hortalizas, productos ib\u00e9ricos, vinos, aceitunas, empanadas, pasta fresca, mermeladas&#8230; Todo proveniente de empresas que cuidan con esmero todo el proceso de cultivo, crianza y envasado para que el producto final sea de la m\u00e1s alta calidad.<\/div>\n<div style=\"text-align: justify;\">En esta ocasi\u00f3n a las 11 de la ma\u00f1ana se conmemora el D\u00eda Internacional del Yoga con una \u00abKedada\u00bb para practicar esta disciplina. A las 12 del mediod\u00eda habr\u00e1 teatro en la calle con el \u00abSuper her\u00f3e de la org\u00e1nica\u00bb para concoer los beneficios de la separaci\u00f3n de los residuos org\u00e1nicos. A partir de las 13:30 horas Chuletown Velley se encargar\u00e1 de amenizar el mercado con m\u00fasica en directo.\u00a0\u00a0<\/div>\n<div style=\"text-align: justify;\">Esta nueva edici\u00f3n, se celebrar\u00e1 como siempre, el tercer domingo del mes, el\u00a016 de junio de 10h a 16h en las cubiertas de la Avda. Planetario, esquina con calle Meneses, junto al parque Tierno Galv\u00e1n, en el distrito de Arganzuela.<\/div>\n<div style=\"text-align: justify;\">Al ser uno de los objetivos del mercado el consumo responsable, las empresas expositoras no entregar\u00e1n bolsas de pl\u00e1stico de un solo uso, por lo que es recomendable acudir con un carrito de la compra o con bolsas reutilizables.<\/div>\n<div style=\"text-align: justify;\">Durante los meses de verano, julio y agosto no se celebrar\u00e1n ediciones para evitar las altas temperaturas. <br \/>El Mercado Municipal de Productores de Planetario volver\u00e1 el tercer domingo del mes de septiembre para ofrecer sus productos de cercan\u00eda a todas las personas que se quieran acercar.<\/div>\n<div style=\"text-align: justify;\">M\u00e1s informaci\u00f3n general: <a href=\"http:\/\/productoresplanetario.es\/\" target=\"_blank\" rel=\"noopener\">http:\/\/productoresplanetario.es\/<\/a><\/div>\n<p>\u00a0<\/p>\n","protected":false},"excerpt":{"rendered":"<p>Mediante la celebraci\u00f3n de este Mercado de Productores, organizado por el&#8230;<\/p>\n","protected":false},"featured_media":7977,"template":"","meta":{"_acf_changed":false},"categories":[],"noticias":[],"class_list":["post-7976","noticias","type-noticias","status-publish","has-post-thumbnail","hentry"],"acf":[],"_links":{"self":[{"href":"https:\/\/test.madridemprende.anovagroup.es\/fr\/wp-json\/wp\/v2\/noticias\/7976"}],"collection":[{"href":"https:\/\/test.madridemprende.anovagroup.es\/fr\/wp-json\/wp\/v2\/noticias"}],"about":[{"href":"https:\/\/test.madridemprende.anovagroup.es\/fr\/wp-json\/wp\/v2\/types\/noticias"}],"version-history":[{"count":0,"href":"https:\/\/test.madridemprende.anovagroup.es\/fr\/wp-json\/wp\/v2\/noticias\/7976\/revisions"}],"wp:featuredmedia":[{"embeddable":true,"href":"https:\/\/test.madridemprende.anovagroup.es\/fr\/wp-json\/wp\/v2\/media\/7977"}],"wp:attachment":[{"href":"https:\/\/test.madridemprende.anovagroup.es\/fr\/wp-json\/wp\/v2\/media?parent=7976"}],"wp:term":[{"taxonomy":"category","embeddable":true,"href":"https:\/\/test.madridemprende.anovagroup.es\/fr\/wp-json\/wp\/v2\/categories?post=7976"},{"taxonomy":"noticias","embeddable":true,"href":"https:\/\/test.madridemprende.anovagroup.es\/fr\/wp-json\/wp\/v2\/noticias?post=7976"}],"curies":[{"name":"wp","href":"https:\/\/api.w.org\/{rel}","templated":true}]}}