{"id":8002,"date":"2019-08-06T00:00:00","date_gmt":"2019-08-06T00:00:00","guid":{"rendered":"https:\/\/pre.madridemprende.anovagroup.es\/noticias\/ayudas-para-empresas-artesanas-de-la-comunidad-de-madrid\/"},"modified":"2022-06-08T10:46:47","modified_gmt":"2022-06-08T08:46:47","slug":"ayudas-para-empresas-artesanas-de-la-comunidad-de-madrid","status":"publish","type":"noticias","link":"https:\/\/test.madridemprende.anovagroup.es\/fr\/noticias\/ayudas-para-empresas-artesanas-de-la-comunidad-de-madrid\/","title":{"rendered":"Ayudas para empresas artesanas de la Comunidad de Madrid"},"content":{"rendered":"<p class=\"MsoNormal\" style=\"text-align: justify;\"><span style=\"font-family: 'Lato',sans-serif;\"><span style=\"background-color: #ffffff; color: #333333; font-family: 'Helvetica Neue', Helvetica, Arial, sans-serif; font-size: 12pt;\">Si eres una peque\u00f1a o mediana empresa artesana y quieres modernizar tu taller esta ayuda te puede interesar<\/span>:<br \/><\/span><span style=\"font-size: 12.0pt; font-family: 'Lato',sans-serif; mso-fareast-font-family: 'Times New Roman'; mso-bidi-font-family: 'Times New Roman'; mso-ansi-language: ES; mso-fareast-language: ES; mso-bidi-language: AR-SA;\">El pasado 31 de julio de 2019 se public\u00f3 en el Bolet\u00edn Oficial de la Comunidad de Madrid la convocatoria de ayudas para el a\u00f1o 2019 destinada a peque\u00f1as y medianas empresas artesanas de la Comunidad de Madrid con una dotaci\u00f3n presupuestaria de 60.000 euros para el a\u00f1o 2019.<\/p>\n<p><strong>El plazo de presentaci\u00f3n de solicitudes\u00a0<\/strong><\/span><span style=\"font-family: Lato, sans-serif;\">es de 15 d\u00edas h\u00e1biles a partir del siguiente al de publicaci\u00f3n de la convocatoria.\u00a0<\/span><\/p>\n<p class=\"MsoNormal\"><strong><span style=\"font-size: 12.0pt; font-family: 'Lato',sans-serif; mso-fareast-font-family: 'Times New Roman'; mso-bidi-font-family: 'Times New Roman'; mso-ansi-language: ES; mso-fareast-language: ES; mso-bidi-language: AR-SA;\">Desde el 1 hasta el 22 de agosto de 2019.\u00a0<\/span><\/strong><\/p>\n<p class=\"MsoNormal\" style=\"text-align: left;\"><strong><span style=\"font-family: lato; font-size: 12pt;\">\u00bfEn qu\u00e9 consiste esta ayuda?<\/span><\/strong><\/p>\n<p style=\"text-align: justify;\"><span style=\"font-family: lato; font-size: 12pt;\">Se trata de una ayuda en forma de subvenciones que tiene por objeto contribuir a la modernizaci\u00f3n de las estructuras y equipamientos de los talleres de peque\u00f1as y medianas empresas artesanas que desarrollen su actividad en la Comunidad de Madrid, as\u00ed como a la apertura de nuevos talleres.<\/span><\/p>\n<p style=\"box-sizing: border-box; margin: 0px 0px 10px; color: #333333; font-family: 'Helvetica Neue', Helvetica, Arial, sans-serif; font-size: 14px;\"><span style=\"box-sizing: border-box; font-weight: bold; font-family: lato; font-size: 12pt;\">\u00bfQui\u00e9nes son los beneficiarios?<\/span><\/p>\n<p style=\"text-align: justify;\"><span style=\"font-family: lato; font-size: 12pt;\">Podr\u00e1n ser beneficiarios las peque\u00f1as y medianas empresas cuyo origen sea cualquier Estado Miembro de la Uni\u00f3n Europea, que\u00a0<span style=\"box-sizing: border-box; font-weight: bold;\">ejerzan su actividad en la Comunidad de Madrid<\/span>\u00a0y cuya actividad desarrollada se corresponda con alguno de los\u00a0<span style=\"box-sizing: border-box; font-weight: bold;\">oficios y actividades artesanas incluidos en el\u00a0<a style=\"box-sizing: border-box; color: #337ab7; text-decoration-line: none;\" href=\"https:\/\/www.boe.es\/buscar\/act.php?id=BOE-A-1999-11712&#038;p=20081230&#038;tn=1#an\">Repertorio de Actividades y Oficios Artesanos de la Comunidad de Madrid.<\/a><\/span><\/span><\/p>\n<p style=\"box-sizing: border-box; margin: 0px 0px 10px; color: #333333; font-family: 'Helvetica Neue', Helvetica, Arial, sans-serif; font-size: 14px;\"><span style=\"box-sizing: border-box; font-weight: bold; font-family: lato; font-size: 12pt;\">\u00bfCu\u00e1l es la cuant\u00eda de la ayuda?<\/span><\/p>\n<p style=\"text-align: justify;\"><span style=\"font-family: lato; font-size: 12pt;\">Las ayudas consisten en subvenciones del\u00a0<span style=\"box-sizing: border-box; font-weight: bold;\">50 por ciento del presupuesto aceptado por la Direcci\u00f3n General de Comercio y Consumo<\/span>, excluido todo tipo de impuesto<span style=\"box-sizing: border-box; font-weight: bold;\">, con un l\u00edmite m\u00e1ximo de 5.000 euros por beneficiario.<\/span><\/span><\/p>\n<p style=\"box-sizing: border-box; margin: 0px 0px 10px; color: #333333; font-family: 'Helvetica Neue', Helvetica, Arial, sans-serif; font-size: 14px;\"><span style=\"box-sizing: border-box; font-weight: bold; font-family: lato; font-size: 12pt;\">\u00bfQu\u00e9 gastos se consideran subvencionables?<\/span><\/p>\n<p style=\"text-align: justify;\"><span style=\"font-family: lato; font-size: 12pt;\">Se consideran subvencionables los siguientes gastos:<\/span><\/p>\n<ol style=\"box-sizing: border-box; margin-top: 0px; margin-bottom: 10px; color: #333333; font-family: 'Helvetica Neue', Helvetica, Arial, sans-serif; font-size: 14px;\" start=\"10\">\n<li style=\"text-align: justify;\"><span style=\"font-family: lato; font-size: 12pt;\">a) La realizaci\u00f3n de obras necesarias para la apertura de nuevos talleres, o reforma integral del local destinado al taller donde, de forma independiente, se desarrolle la actividad artesana. La inversi\u00f3n m\u00ednima deber\u00e1 alcanzar la cuant\u00eda de 10.000 euros de base imponible.<\/span><\/li>\n<li style=\"text-align: justify;\"><span style=\"font-family: lato; font-size: 12pt;\">b) Actuaciones de reforma parcial de las instalaciones, as\u00ed como las destinadas a la implantaci\u00f3n de medidas de ahorro energ\u00e9tico, utilizaci\u00f3n de energ\u00edas renovables, introducci\u00f3n de elementos tecnol\u00f3gicos de seguridad y\/o, eliminaci\u00f3n de barreras arquitect\u00f3nicas. La inversi\u00f3n m\u00ednima deber\u00e1 alcanzar la cuant\u00eda de 2.000 euros de base imponible.<\/span><\/li>\n<\/ol>\n<p style=\"box-sizing: border-box; margin: 0px 0px 10px; color: #333333; font-family: 'Helvetica Neue', Helvetica, Arial, sans-serif; font-size: 14px;\"><span style=\"font-family: lato; font-size: 12pt;\"><em style=\"box-sizing: border-box;\">Los apartados a) y b) son excluyentes entre s\u00ed.<\/em><\/span><\/p>\n<ol style=\"box-sizing: border-box; margin-top: 0px; margin-bottom: 10px; color: #333333; font-family: 'Helvetica Neue', Helvetica, Arial, sans-serif; font-size: 14px;\">\n<li style=\"text-align: justify;\"><span style=\"font-family: lato; font-size: 12pt;\">c) La adquisici\u00f3n, montaje e instalaci\u00f3n de: maquinaria espec\u00edfica para el desarrollo de la actividad, equipamiento inform\u00e1tico o tecnol\u00f3gico, software. Todo ello exclusivamente relacionado con el dise\u00f1o o la producci\u00f3n artesanal y la gesti\u00f3n empresarial. La inversi\u00f3n m\u00ednima de manera global, en la adquisici\u00f3n de los conceptos relacionados en este apartado deber\u00e1 alcanzar la cuant\u00eda de 500 euros de base imponible.<\/span><\/li>\n<\/ol>\n<p style=\"box-sizing: border-box; margin: 0px 0px 10px; color: #333333; font-family: 'Helvetica Neue', Helvetica, Arial, sans-serif; font-size: 14px;\"><span style=\"box-sizing: border-box; font-weight: bold; font-family: lato; font-size: 12pt;\">\u00bfQu\u00e9 gastos se considera excluidos?<\/span><\/p>\n<p style=\"text-align: justify;\"><span style=\"font-family: lato; font-size: 12pt;\">Quedan excluidos los siguientes gastos:<\/span><\/p>\n<ol style=\"text-align: justify;\">\n<li style=\"box-sizing: border-box;\"><span style=\"font-family: lato; font-size: 12pt;\">a) La adquisici\u00f3n y alquiler de locales, as\u00ed como los gastos relativos a proyectos, permisos, licencias y cuotas de Colegios Oficiales en lo relativo a nueva implantaci\u00f3n o reforma de talleres.<\/span><\/li>\n<li style=\"box-sizing: border-box;\"><span style=\"font-family: lato; font-size: 12pt;\">b) Muebles, electrodom\u00e9sticos, aparatos e instalaciones que no cumplan una funci\u00f3n claramente relacionada con la actividad artesana desarrollada en los talleres.<\/span><\/li>\n<li style=\"box-sizing: border-box;\"><span style=\"font-family: lato; font-size: 12pt;\">c) Adquisici\u00f3n de materias primas y consumibles que se utilicen durante el proceso de elaboraci\u00f3n de los productos.<\/span><\/li>\n<li style=\"box-sizing: border-box;\"><span style=\"font-family: lato; font-size: 12pt;\">d) Suministros<\/span><\/li>\n<\/ol>\n<p style=\"text-align: justify;\"><span style=\"font-family: lato; font-size: 12pt;\">No se subvencionar\u00e1 m\u00e1s de una solicitud por beneficiario.<\/span><\/p>\n<p style=\"text-align: justify;\"><span style=\"box-sizing: border-box; font-weight: bold; font-family: lato; font-size: 12pt;\">\u00bfCu\u00e1l es el plazo de ejecuci\u00f3n de las actuaciones subvencionables?<\/span><\/p>\n<p style=\"text-align: justify;\"><span style=\"font-family: lato; font-size: 12pt;\">El per\u00edodo de realizaci\u00f3n de las acciones subvencionables ser\u00e1 el comprendido entre el 15 septiembre de 2018 y el 14 de septiembre de 2019.<\/span><\/p>\n<p style=\"text-align: justify;\"><span style=\"box-sizing: border-box; font-weight: bold; font-family: lato; font-size: 12pt;\">\u00bfEs compatible con otras ayudas?<\/span><\/p>\n<p style=\"text-align: justify;\"><span style=\"font-family: lato; font-size: 12pt;\">Estas subvenciones son compatibles con otras, cualquiera que sea su naturaleza y la Administraci\u00f3n o entidad que las conceda, siempre que la suma de todas ellas no supere el coste de la actividad subvencionada.<\/span><\/p>\n<p style=\"text-align: justify;\"><span style=\"box-sizing: border-box; font-weight: bold; font-family: lato; font-size: 12pt;\">C\u00f3mo se solicita:<\/span><\/p>\n<p style=\"text-align: justify;\"><span style=\"font-family: lato; font-size: 12pt;\">Puedes solicitar esta ayuda a trav\u00e9s de la\u00a0<a style=\"box-sizing: border-box; color: #337ab7; text-decoration-line: none;\" href=\"https:\/\/gestionesytramites.madrid.org\/cs\/Satellite?c=CM_ConvocaPrestac_FA&#038;cid=1354786545816&#038;language=es&#038;noMostrarML=true&#038;pageid=1354269422133&#038;pagename=ServiciosAE%2FCM_ConvocaPrestac_FA%2FPSAE_fichaConvocaPrestac&#038;vest=1354269422133\">Portal de administraci\u00f3n electr\u00f3nica de la Comunidad de Madrid<\/a>\u00a0<\/span><\/p>\n<p style=\"text-align: justify;\"><span style=\"box-sizing: border-box; font-weight: bold; font-family: lato; font-size: 12pt;\">Recuerda que tienes hasta el 22 de agosto de 2019 para presentar tu solicitud.<\/span><\/p>\n<p style=\"text-align: justify;\"><span style=\"font-family: lato; font-size: 12pt;\">Si quieres\u00a0<span style=\"box-sizing: border-box; font-weight: bold;\">Saber M\u00e1s<\/span>\u00a0puedes consultar\u00a0<a style=\"box-sizing: border-box; color: #337ab7; text-decoration-line: none;\" href=\"http:\/\/www.bocm.es\/boletin\/CM_Orden_BOCM\/2019\/06\/28\/BOCM-20190628-29.PDF\">Bases de la convocatoria<\/a>\u00a0y el\u00a0<a style=\"box-sizing: border-box; color: #337ab7; text-decoration-line: none;\" href=\"https:\/\/www.bocm.es\/boletin\/CM_Orden_BOCM\/2019\/07\/31\/BOCM-20190731-4.PDF\">extracto de la Orden por la que se convocan las ayudas para el a\u00f1o 2019<\/a><\/span><\/p>\n<p class=\"MsoNormal\" style=\"text-align: left;\"><span style=\"font-family: lato; font-size: 12pt;\">\u00a0<\/span><\/p>\n","protected":false},"excerpt":{"rendered":"<p>Si eres una peque\u00f1a o mediana empresa artesana y quieres modernizar tu&#8230;<\/p>\n","protected":false},"featured_media":8003,"template":"","meta":{"_acf_changed":false},"categories":[],"noticias":[],"class_list":["post-8002","noticias","type-noticias","status-publish","has-post-thumbnail","hentry"],"acf":[],"_links":{"self":[{"href":"https:\/\/test.madridemprende.anovagroup.es\/fr\/wp-json\/wp\/v2\/noticias\/8002"}],"collection":[{"href":"https:\/\/test.madridemprende.anovagroup.es\/fr\/wp-json\/wp\/v2\/noticias"}],"about":[{"href":"https:\/\/test.madridemprende.anovagroup.es\/fr\/wp-json\/wp\/v2\/types\/noticias"}],"version-history":[{"count":0,"href":"https:\/\/test.madridemprende.anovagroup.es\/fr\/wp-json\/wp\/v2\/noticias\/8002\/revisions"}],"wp:featuredmedia":[{"embeddable":true,"href":"https:\/\/test.madridemprende.anovagroup.es\/fr\/wp-json\/wp\/v2\/media\/8003"}],"wp:attachment":[{"href":"https:\/\/test.madridemprende.anovagroup.es\/fr\/wp-json\/wp\/v2\/media?parent=8002"}],"wp:term":[{"taxonomy":"category","embeddable":true,"href":"https:\/\/test.madridemprende.anovagroup.es\/fr\/wp-json\/wp\/v2\/categories?post=8002"},{"taxonomy":"noticias","embeddable":true,"href":"https:\/\/test.madridemprende.anovagroup.es\/fr\/wp-json\/wp\/v2\/noticias?post=8002"}],"curies":[{"name":"wp","href":"https:\/\/api.w.org\/{rel}","templated":true}]}}