{"id":8050,"date":"2019-11-25T00:00:00","date_gmt":"2019-11-25T00:00:00","guid":{"rendered":"https:\/\/pre.madridemprende.anovagroup.es\/noticias\/coffee-break-para-conocer-como-la-agricultura-ecologica-contribuye-a-mitigar-el-cambio-climatico\/"},"modified":"2022-06-08T10:56:32","modified_gmt":"2022-06-08T08:56:32","slug":"coffee-break-para-conocer-como-la-agricultura-ecologica-contribuye-a-mitigar-el-cambio-climatico","status":"publish","type":"noticias","link":"https:\/\/test.madridemprende.anovagroup.es\/fr\/noticias\/coffee-break-para-conocer-como-la-agricultura-ecologica-contribuye-a-mitigar-el-cambio-climatico\/","title":{"rendered":"Coffee Break para conocer c\u00f3mo la agricultura ecol\u00f3gica contribuye a mitigar el cambio clim\u00e1tico"},"content":{"rendered":"<div class=\"MsoNormal\" style=\"text-align: justify;\">\n<p class=\"MsoNormal\" style=\"text-align: justify;\"><span style=\"font-family: lato; font-size: 12pt;\"><span style=\"line-height: 107%;\">Entre los diferentes puntos que se van a tratar en el programa de la Conferencia hemos elegido el punto 8 \u201cuso del suelo\u201d no solo porque el sector de la alimentaci\u00f3n, la hosteler\u00eda y la restauraci\u00f3n es uno de los que m\u00e1s arraigo y mayor impacto econ\u00f3mico tiene en la ciudad de Madrid, sino porque es fundamental el mensaje que la Conferencia lanza en este contexto:<\/span> \u201c<span style=\"line-height: 107%;\">el uso que hacemos de la tierra debe tomar medidas para facilitar la adaptaci\u00f3n adecuada al cambio clim\u00e1tico que es particularmente importante para garantizar que la producci\u00f3n de alimentos no se vea amenazada\u201d.<\/span><\/span><\/p>\n<p class=\"MsoNormal\" style=\"text-align: justify;\"><span style=\"font-family: lato; font-size: 12pt;\"><span style=\"line-height: 107%;\">El <strong style=\"mso-bidi-font-weight: normal;\">jueves 5 de diciembre<\/strong>, en el vivero de empresas de Vic\u00e1lvaro, a trav\u00e9s de este Coffee Break vamos a conocer c\u00f3mo un proyecto empresarial peque\u00f1o, basado en la agricultura ecol\u00f3gica, puede colaborar en mitigar el cambio clim\u00e1tico. Para ello contamos con <strong style=\"mso-bidi-font-weight: normal;\">Carlota Mateos<\/strong> conocida como cofundadora de <\/span><a href=\"https:\/\/www.rusticae.es\/tarjetas-regalo?gclid=Cj0KCQiAq97uBRCwARIsADTziyar3AddBAJh4VflOtT1TXx2mZ-08t9d1vGplh7sdRc7NeiIqM6Gj-saAu96EALw_wcB\" target=\"_blank\" rel=\"noopener\"><em style=\"mso-bidi-font-style: normal;\"><span style=\"line-height: 107%;\">Rusticae<\/span><\/em><\/a><span style=\"line-height: 107%;\"> \u201choteles con encanto\u201d y ahora tambi\u00e9n cofundadora de <\/span><a href=\"https:\/\/www.pleneat.es\/\" target=\"_blank\" rel=\"noopener\"><strong style=\"mso-bidi-font-weight: normal;\"><em style=\"mso-bidi-font-style: normal;\"><span style=\"line-height: 107%;\">PlenEat<\/span><\/em><\/strong><\/a><span style=\"line-height: 107%;\"> empresa pionera espa\u00f1ola que ofrece comida 100% ecol\u00f3gica certificada a empresas con corners\/comedores de empresa, m\u00e1quinas de vending y catering para reuniones y eventos. <\/span><\/span><\/p>\n<p class=\"MsoNormal\" style=\"text-align: justify;\"><span style=\"font-family: lato; font-size: 12pt;\"><span style=\"line-height: 107%;\">Ap\u00fantate en nuestra <\/span><span style=\"line-height: 107%;\"><a href=\"\/es\/agenda\/Agenda\/evento\/como-la-agricultura-ecologica-contribuye-a-mitigar-el-cambio-climatico\/b8cd78f68330ffd4b7e0cc02e83762c3\/\" target=\"_blank\" rel=\"noopener\">agenda de actividades<\/a>\u00a0.<\/span><\/span><\/p>\n<p class=\"MsoNormal\" style=\"text-align: justify;\"><span style=\"font-family: lato; font-size: 12pt;\"><strong style=\"mso-bidi-font-weight: normal;\"><span style=\"line-height: 107%;\">Convenci\u00f3n Marco de Naciones Unidas sobre el Cambio Clim\u00e1tico<br \/><\/span><\/strong>Adoptada en 1992 y que entr\u00f3 en vigor en 1994, ha sido ratificada por 195 pa\u00edses (Partes de la Convenci\u00f3n). La Convenci\u00f3n reconoce la existencia del problema del cambio clim\u00e1tico, y establece un objetivo \u00faltimo: lograr\u00a0la estabilizaci\u00f3n de las concentraciones de gases de efecto invernadero en la atm\u00f3sfera con el fin de impedir interferencias antropog\u00e9nicas (causadas por el ser humano) peligrosas en el sistema clim\u00e1tico. Adem\u00e1s, indica que ese nivel debe lograrse en un plazo suficiente para permitir que los ecosistemas se adapten naturalmente al cambio clim\u00e1tico, asegurar que la producci\u00f3n de alimentos no se vea amenazada y permitir que el desarrollo econ\u00f3mico prosiga de manera sostenible.<\/span><\/p>\n<\/div>\n","protected":false},"excerpt":{"rendered":"<p>Entre los diferentes puntos que se van a tratar en el programa de la&#8230;<\/p>\n","protected":false},"featured_media":8051,"template":"","meta":{"_acf_changed":false},"categories":[],"noticias":[],"class_list":["post-8050","noticias","type-noticias","status-publish","has-post-thumbnail","hentry"],"acf":[],"_links":{"self":[{"href":"https:\/\/test.madridemprende.anovagroup.es\/fr\/wp-json\/wp\/v2\/noticias\/8050"}],"collection":[{"href":"https:\/\/test.madridemprende.anovagroup.es\/fr\/wp-json\/wp\/v2\/noticias"}],"about":[{"href":"https:\/\/test.madridemprende.anovagroup.es\/fr\/wp-json\/wp\/v2\/types\/noticias"}],"version-history":[{"count":0,"href":"https:\/\/test.madridemprende.anovagroup.es\/fr\/wp-json\/wp\/v2\/noticias\/8050\/revisions"}],"wp:featuredmedia":[{"embeddable":true,"href":"https:\/\/test.madridemprende.anovagroup.es\/fr\/wp-json\/wp\/v2\/media\/8051"}],"wp:attachment":[{"href":"https:\/\/test.madridemprende.anovagroup.es\/fr\/wp-json\/wp\/v2\/media?parent=8050"}],"wp:term":[{"taxonomy":"category","embeddable":true,"href":"https:\/\/test.madridemprende.anovagroup.es\/fr\/wp-json\/wp\/v2\/categories?post=8050"},{"taxonomy":"noticias","embeddable":true,"href":"https:\/\/test.madridemprende.anovagroup.es\/fr\/wp-json\/wp\/v2\/noticias?post=8050"}],"curies":[{"name":"wp","href":"https:\/\/api.w.org\/{rel}","templated":true}]}}