{"id":8084,"date":"2020-02-18T00:00:00","date_gmt":"2020-02-18T00:00:00","guid":{"rendered":"https:\/\/pre.madridemprende.anovagroup.es\/noticias\/coffee-break-con-federico-sainz-de-robles-fundador-de-sepiia\/"},"modified":"2022-06-08T10:43:31","modified_gmt":"2022-06-08T08:43:31","slug":"coffee-break-con-federico-sainz-de-robles-fundador-de-sepiia","status":"publish","type":"noticias","link":"https:\/\/test.madridemprende.anovagroup.es\/fr\/noticias\/coffee-break-con-federico-sainz-de-robles-fundador-de-sepiia\/","title":{"rendered":"Coffee Break con Federico Sainz de Robles, fundador de Sepiia"},"content":{"rendered":"<p class=\"MsoNormal\" style=\"text-align: justify; background: white;\"><span style=\"font-family: lato; font-size: 12pt;\"><span lang=\"es\" style=\"line-height: 18.4px;\">El vivero de empresas de Villaverde acogi\u00f3 una nueva cita de los Coffee Breaksde Madrid Emprende con Federico Sainz de Robles, fundador de <a href=\"https:\/\/sepiia.com\/\" target=\"_blank\" rel=\"noopener\">Sepiia<\/a>,<\/span><span lang=\"es\" style=\"line-height: 18.4px;\">\u00a0ingeniero t\u00e9cnico en dise\u00f1o industrial por la UPV (Universidad Polit\u00e9cnica de Valencia), dise\u00f1ador de moda por el IED (Instituto Europeo de Dise\u00f1o) y m\u00e1ster en nuevas tecnolog\u00edas textiles por AITEX (Instituto Tecnol\u00f3gico Textil) junto con la Universidad CEU Cardenal Herrera.<\/span><\/span><\/p>\n<p class=\"MsoNormal\" style=\"text-align: justify; background: white;\"><span style=\"font-family: lato; font-size: 12pt;\">Tras la habitual presentaci\u00f3n de los asistentes al evento, entre los que se encontraban algunos con proyectos relacionados con el mundo de la moda y el textil, Federico realiz\u00f3 una exposici\u00f3n de lo que es Sepiia, un proyecto emprendedor con 3 a\u00f1os de vida que ya cuenta con un equipo de 10 personas.<\/span><\/p>\n<p class=\"MsoNormal\" style=\"text-align: justify; background: white;\"><span style=\"font-family: lato; font-size: 12pt;\">Sepiia ofrece prendas de vestir de uso diario, funcionales y sostenibles, desarrolladas con su propia tecnolog\u00eda textil que repele manchas y olores, requiriendo menos cuidado y generando un m\u00ednimo impacto medioambiental. Porque Sepiia apuesta una producci\u00f3n sostenible en Espa\u00f1a y que vigila la huella de carbono del producto desde su dise\u00f1o y fabricaci\u00f3n hasta que llega al cliente.<\/span><\/p>\n<p class=\"MsoNormal\" style=\"text-align: justify; background: white;\"><span style=\"font-family: lato; font-size: 12pt;\">Con m\u00e1s de 15.000 prendas vendidas y habiendo generado m\u00e1s de 1 mill\u00f3n de euros de facturaci\u00f3n, Federico coment\u00f3 que en Sepiia pretenden profundizar en el B2B y las empresas interesadas en su tecnolog\u00eda para su uniformidad, abrir una tienda f\u00edsica para conocer mejor al cliente, relanzar su l\u00ednea de prendas para mujer y dar un salto en su internacionalizaci\u00f3n.<\/span><\/p>\n<p class=\"MsoNormal\" style=\"text-align: justify; background: white;\"><span style=\"font-family: lato; font-size: 12pt;\"><span lang=\"es\" style=\"line-height: 18.4px;\">Todos ellos retos muy importantes si quieren mantener los valores de sostenibilidad que les hicieron merecedores del\u00a0<a href=\"\/es\/apoyo-integral-al-emprendimiento\/premios-de-emprendimiento\/premios-mad\" target=\"_blank\" rel=\"noopener\">Premio MAD+ 2019<\/a><\/span><span lang=\"es\" style=\"line-height: 18.4px;\">, galardones que reconocen los proyectos emprendedores e innovadores generadores de impacto social y\/o medioambiental.<\/span><\/span><\/p>\n<p class=\"MsoNormal\" style=\"text-align: justify; background: white;\"><span style=\"font-family: lato; font-size: 12pt;\">Durante el turno de preguntas, Federico, al ser preguntado si pensaban en producir otro tipo de prendas o calzado, aconsej\u00f3 a los presentes marcarse un solo objetivo para \u201chacer una cosa,\u00a0 pero hacerla muy bien\u201d.<\/span><\/p>\n<p class=\"MsoNormal\" style=\"text-align: justify; background: white;\"><span style=\"font-family: lato; font-size: 12pt;\">Tras el acto, Federico comparti\u00f3 un caf\u00e9 con los asistentes al evento con los que pudo intercambiar ideas de manera m\u00e1s distendida.<\/span><\/p>\n<p class=\"MsoNormal\" style=\"text-align: justify; background: white;\"><span style=\"font-family: lato; font-size: 12pt;\">Si no pudiste asistir, puedes consultar el video de la sesi\u00f3n en nuestra p\u00e1gina de <a href=\"https:\/\/www.facebook.com\/MadridEmprende\/videos\/185199069360248\/\" target=\"_blank\" rel=\"noopener\">Facebook <\/a>.<\/span><\/p>\n<p class=\"MsoNormal\" style=\"text-align: justify; background: white;\"><span style=\"font-family: lato; font-size: 12pt;\"><span lang=\"es\" style=\"line-height: 18.4px;\">Para asistir a los <\/span><span lang=\"es\" style=\"line-height: 16.8667px;\"><a href=\"\/es\/apoyo-integral-al-emprendimiento\/formacion-y-networking\/coffee-break\" target=\"_blank\" rel=\"noopener\"><span style=\"line-height: 18.4px;\">Coffee Break<\/span><\/a><\/span><span lang=\"es\" style=\"line-height: 18.4px;\"> <strong><span style=\"color: red; background: white;\">\u00a0<\/span><\/strong>u otros eventos que organizamos en la red de viveros de empresas de Madrid Emprende, no olvides suscribirte a nuestro <\/span><span lang=\"es\" style=\"line-height: 16.8667px;\"><a href=\"\/es\/suscripcion2\" target=\"_blank\" rel=\"noopener\"><span style=\"line-height: 18.4px;\">bolet\u00edn de actividades<\/span><\/a><\/span><span lang=\"es\" style=\"line-height: 18.4px;\"> o consultar nuestra <\/span><span lang=\"es\" style=\"line-height: 16.8667px;\"><a href=\"\/es\/agenda\" target=\"_blank\" rel=\"noopener\"><span style=\"line-height: 18.4px;\">agenda<\/span><\/a><\/span><span lang=\"es\" style=\"line-height: 18.4px;\">.<\/span><\/span><\/p>\n","protected":false},"excerpt":{"rendered":"<p>El vivero de empresas de Villaverde acogi\u00f3 una nueva cita de los Coffee&#8230;<\/p>\n","protected":false},"featured_media":8085,"template":"","meta":{"_acf_changed":false},"categories":[],"noticias":[],"class_list":["post-8084","noticias","type-noticias","status-publish","has-post-thumbnail","hentry"],"acf":[],"_links":{"self":[{"href":"https:\/\/test.madridemprende.anovagroup.es\/fr\/wp-json\/wp\/v2\/noticias\/8084"}],"collection":[{"href":"https:\/\/test.madridemprende.anovagroup.es\/fr\/wp-json\/wp\/v2\/noticias"}],"about":[{"href":"https:\/\/test.madridemprende.anovagroup.es\/fr\/wp-json\/wp\/v2\/types\/noticias"}],"version-history":[{"count":0,"href":"https:\/\/test.madridemprende.anovagroup.es\/fr\/wp-json\/wp\/v2\/noticias\/8084\/revisions"}],"wp:featuredmedia":[{"embeddable":true,"href":"https:\/\/test.madridemprende.anovagroup.es\/fr\/wp-json\/wp\/v2\/media\/8085"}],"wp:attachment":[{"href":"https:\/\/test.madridemprende.anovagroup.es\/fr\/wp-json\/wp\/v2\/media?parent=8084"}],"wp:term":[{"taxonomy":"category","embeddable":true,"href":"https:\/\/test.madridemprende.anovagroup.es\/fr\/wp-json\/wp\/v2\/categories?post=8084"},{"taxonomy":"noticias","embeddable":true,"href":"https:\/\/test.madridemprende.anovagroup.es\/fr\/wp-json\/wp\/v2\/noticias?post=8084"}],"curies":[{"name":"wp","href":"https:\/\/api.w.org\/{rel}","templated":true}]}}