{"id":8200,"date":"2022-01-05T00:00:00","date_gmt":"2022-01-05T00:00:00","guid":{"rendered":"https:\/\/pre.madridemprende.anovagroup.es\/noticias\/abierto-el-periodo-de-inscripcion-para-los-itinerarios-formativos-y-aula-emprende\/"},"modified":"2022-06-08T10:39:33","modified_gmt":"2022-06-08T08:39:33","slug":"abierto-el-periodo-de-inscripcion-para-los-itinerarios-formativos-y-aula-emprende","status":"publish","type":"noticias","link":"https:\/\/test.madridemprende.anovagroup.es\/fr\/noticias\/abierto-el-periodo-de-inscripcion-para-los-itinerarios-formativos-y-aula-emprende\/","title":{"rendered":"Abierto el periodo de inscripci\u00f3n para los Itinerarios Formativos y Aula Emprende"},"content":{"rendered":"<p class=\"MsoNormal\"><strong><span lang=\"ES\" style=\"font-family: 'Lato',sans-serif; mso-bidi-font-family: 'Times New Roman'; mso-bidi-theme-font: minor-bidi; color: black; mso-themecolor: text1; background: white; mso-ansi-language: ES;\">A partir del 1 de febrero<\/span><\/strong><span lang=\"ES\" style=\"font-family: 'Lato',sans-serif; mso-bidi-font-family: 'Times New Roman'; mso-bidi-theme-font: minor-bidi; color: black; mso-themecolor: text1; background: white; mso-ansi-language: ES;\"> comenzar\u00e1 un nuevo ciclo de la actividad formativa tanto presencial como virtual.<\/span><\/p>\n<p class=\"MsoNormal\"><span lang=\"ES\" style=\"font-family: 'Lato',sans-serif; mso-bidi-font-family: 'Times New Roman'; mso-bidi-theme-font: minor-bidi; color: black; mso-themecolor: text1; background: white; mso-ansi-language: ES;\">Los <\/span><span lang=\"CA\"><a href=\"\/es\/apoyo-integral-al-emprendimiento\/formacion-y-networking\/itinerarios-formativos\" target=\"_blank\" rel=\"noopener\"><strong><span lang=\"ES\" style=\"font-family: 'Lato',sans-serif; mso-bidi-font-family: 'Times New Roman'; mso-bidi-theme-font: minor-bidi; background: white; mso-ansi-language: ES;\">Itinerarios Formativos<\/span><\/strong><\/a><\/span><span lang=\"ES\" style=\"font-family: 'Lato',sans-serif; mso-bidi-font-family: 'Times New Roman'; mso-bidi-theme-font: minor-bidi; color: black; mso-themecolor: text1; background: white; mso-ansi-language: ES;\"> son <strong>acciones formativas presenciales eminentemente pr\u00e1cticas<\/strong> que recogen los temas m\u00e1s relevantes a tener en cuenta a la hora de poner en marcha un negocio.<\/span><\/p>\n<p style=\"margin: 0cm; background: white;\"><span lang=\"ES\" style=\"font-size: 11.0pt; font-family: 'Lato',sans-serif; mso-bidi-font-family: 'Times New Roman'; color: black; mso-themecolor: text1; mso-ansi-language: ES;\">Como consecuencia de la pandemia, los Itinerarios Formativos se realizar\u00e1n de 10 a 14:30 horas en\u00a0<strong><span style=\"font-family: 'Lato',sans-serif; mso-bidi-font-family: 'Times New Roman';\">formato h\u00edbrido<\/span><\/strong>: en<strong><span style=\"font-family: 'Lato',sans-serif; mso-bidi-font-family: 'Times New Roman';\">\u00a0<\/span><\/strong>modalidad videoconferencia y presencial, con limitaci\u00f3n de aforo. La actividad presencial\u00a0tendr\u00e1 lugar en el <\/span><span lang=\"CA\" style=\"color: black; mso-color-alt: windowtext;\"><a href=\"\/es\/apoyo-integral-al-emprendimiento\/espacios-para-emprender\/conoce-los-viveros-de-empresas\/Viveros\/ficha\/4728d57df9ddd693aebc6893018681e3\/\" target=\"_blank\" rel=\"noopener\"><span lang=\"ES\" style=\"font-size: 11.0pt; font-family: 'Lato',sans-serif; mso-bidi-font-family: 'Times New Roman'; mso-ansi-language: ES;\">vivero de empresas de Carabanchel<\/span><\/a><\/span><span lang=\"ES\" style=\"font-size: 11.0pt; font-family: 'Lato',sans-serif; mso-bidi-font-family: 'Times New Roman'; color: black; mso-themecolor: text1; mso-ansi-language: ES;\"> y se confirmara\u0301 previamente la posibilidad de presencia a las personas inscritas.<\/span><\/p>\n<p style=\"margin: 0cm; background: white;\"><span lang=\"ES\" style=\"font-size: 11.0pt; font-family: 'Lato',sans-serif; mso-bidi-font-family: 'Times New Roman'; color: black; mso-themecolor: text1; mso-ansi-language: ES;\">\u00a0<\/span><\/p>\n<p style=\"background: white; margin: 0cm 0cm 22.5pt 0cm;\"><span lang=\"ES\" style=\"font-size: 11.0pt; font-family: 'Lato',sans-serif; mso-bidi-font-family: 'Times New Roman'; color: black; mso-themecolor: text1; background: white; mso-ansi-language: ES;\">Estos son los contenidos de los tres itinerarios y el calendario:<\/span><\/p>\n<p class=\"MsoNormal\"><img decoding=\"async\" src=\"https:\/\/pre.madridemprende.anovagroup.es\/images\/public\/source\/Noticias\/20220105_Itinerarios_Formativos_y_Aula_Emprende\/Imagen1.png\" alt=\"Imagen1\" \/><\/p>\n<p class=\"MsoNormal\"><span lang=\"ES\" style=\"font-family: 'Lato',sans-serif; mso-bidi-font-family: 'Times New Roman'; mso-bidi-theme-font: minor-bidi; color: black; mso-themecolor: text1; mso-ansi-language: ES;\">\u00a0<\/span><\/p>\n<p class=\"MsoNormal\"><span lang=\"ES\" style=\"font-family: 'Lato',sans-serif; mso-bidi-font-family: 'Times New Roman'; mso-bidi-theme-font: minor-bidi; color: black; mso-themecolor: text1; mso-ansi-language: ES;\">El objetivo de <\/span><span lang=\"CA\"><a href=\"\/es\/apoyo-integral-al-emprendimiento\/formacion-y-networking\/aula-emprende\" target=\"_blank\" rel=\"noopener\"><strong><span lang=\"ES\" style=\"font-family: 'Lato',sans-serif; mso-bidi-font-family: 'Times New Roman'; mso-bidi-theme-font: minor-bidi; color: #0070c0; mso-ansi-language: ES;\">Aula Emprende<\/span><\/strong><\/a><\/span><span lang=\"ES\" style=\"font-family: 'Lato',sans-serif; mso-bidi-font-family: 'Times New Roman'; mso-bidi-theme-font: minor-bidi; color: black; mso-themecolor: text1; mso-ansi-language: ES;\"> es apoyar la formaci\u00f3n integral de las personas emprendedoras, para ello ofrecemos un programa de <strong>actividades formativas virtuales<\/strong> integradas en esta plataforma, que posibilitan la adquisici\u00f3n de habilidades y capacidades para la puesta en marcha de un negocio, definici\u00f3n de estrategias comerciales y direcci\u00f3n empresarial, entre otros. <\/span><\/p>\n<p class=\"MsoNormal\"><span lang=\"ES\" style=\"font-family: 'Lato',sans-serif; mso-bidi-font-family: 'Times New Roman'; mso-bidi-theme-font: minor-bidi; color: black; mso-themecolor: text1; mso-ansi-language: ES;\">Las actividades formativas se impartir\u00e1n y desarrollar\u00e1n en la plataforma virtual \u201c<\/span><span lang=\"CA\"><a href=\"https:\/\/aula.madridemprende.es\/\" target=\"_blank\" rel=\"noopener\"><span lang=\"ES\" style=\"font-family: 'Lato',sans-serif; mso-bidi-font-family: 'Times New Roman'; mso-bidi-theme-font: minor-bidi; color: #0070c0; mso-ansi-language: ES;\">Aula Emprende<\/span><\/a><\/span><span lang=\"ES\" style=\"font-family: 'Lato',sans-serif; mso-bidi-font-family: 'Times New Roman'; mso-bidi-theme-font: minor-bidi; color: black; mso-themecolor: text1; mso-ansi-language: ES;\">\u201d de Madrid Emprende y tienen car\u00e1cter gratuito.<\/span><\/p>\n<p class=\"MsoNormal\"><span lang=\"ES\" style=\"font-family: 'Lato',sans-serif; mso-bidi-font-family: 'Times New Roman'; mso-bidi-theme-font: minor-bidi; color: black; mso-themecolor: text1; background: white; mso-ansi-language: ES;\">Estos son los contenidos y el calendario:<\/span><\/p>\n<p style=\"background: white; margin: 0cm 0cm 22.5pt 0cm;\"><img decoding=\"async\" src=\"https:\/\/pre.madridemprende.anovagroup.es\/images\/public\/source\/Noticias\/20220105_Itinerarios_Formativos_y_Aula_Emprende\/Imagen2.jpg\" alt=\"Imagen2\" \/><\/p>\n<p style=\"background: white; margin: 0cm 0cm 22.5pt 0cm;\"><span lang=\"ES\" style=\"font-size: 11.0pt; font-family: 'Lato',sans-serif; mso-bidi-font-family: 'Times New Roman'; color: black; mso-themecolor: text1; mso-ansi-language: ES;\">Todas las actividades se publica en nuestra\u00a0<\/span><span lang=\"CA\" style=\"color: black; mso-color-alt: windowtext;\"><a href=\"\/es\/agenda\" target=\"_blank\" rel=\"noopener\"><span lang=\"ES\" style=\"font-size: 11.0pt; font-family: 'Lato',sans-serif; mso-bidi-font-family: 'Times New Roman'; color: #0070c0; mso-ansi-language: ES;\">Agenda<\/span><\/a><\/span><span lang=\"ES\" style=\"font-size: 11.0pt; font-family: 'Lato',sans-serif; mso-bidi-font-family: 'Times New Roman'; color: black; mso-themecolor: text1; mso-ansi-language: ES;\">\u00a0para que puedas inscribirte, <\/span><span lang=\"CA\" style=\"font-size: 11.0pt; font-family: 'Lato',sans-serif; mso-bidi-font-family: 'Times New Roman'; color: black; background: white;\">adem\u00e1s, se incluir\u00e1n en el bolet\u00edn semanal de actividades, que puedes recibir cumplimentado el formulario\u00a0<\/span><span lang=\"CA\" style=\"color: black; mso-color-alt: windowtext;\"><a href=\"\/es\/suscripcion2\" target=\"_blank\" rel=\"noopener\"><span style=\"font-size: 11.0pt; font-family: 'Lato',sans-serif; mso-bidi-font-family: 'Times New Roman'; color: #e20377; background: white;\">suscr\u00edbete a nuestro bolet\u00edn<\/span><\/a><\/span><\/p>\n<p style=\"background: white; margin: 0cm 0cm 22.5pt 0cm;\"><span lang=\"ES\" style=\"font-size: 11.0pt; font-family: 'Lato',sans-serif; mso-bidi-font-family: 'Times New Roman'; color: black; mso-themecolor: text1; mso-ansi-language: ES;\">Recuerda que la inscripci\u00f3n es <strong>gratuita<\/strong> y las <strong>plazas limitadas<\/strong>, por lo que es necesaria la <strong>inscripci\u00f3n previa<\/strong><\/span><span lang=\"ES\" style=\"font-size: 11.0pt; font-family: 'Lato',sans-serif; mso-bidi-font-family: 'Times New Roman'; color: black; mso-ansi-language: ES;\">.<\/span><\/p>\n","protected":false},"excerpt":{"rendered":"<p>A partir del 1 de febrero comenzar\u00e1 un nuevo ciclo de la actividad&#8230;<\/p>\n","protected":false},"featured_media":8201,"template":"","meta":{"_acf_changed":false},"categories":[317],"noticias":[],"class_list":["post-8200","noticias","type-noticias","status-publish","has-post-thumbnail","hentry","category-noticias"],"acf":[],"_links":{"self":[{"href":"https:\/\/test.madridemprende.anovagroup.es\/fr\/wp-json\/wp\/v2\/noticias\/8200"}],"collection":[{"href":"https:\/\/test.madridemprende.anovagroup.es\/fr\/wp-json\/wp\/v2\/noticias"}],"about":[{"href":"https:\/\/test.madridemprende.anovagroup.es\/fr\/wp-json\/wp\/v2\/types\/noticias"}],"version-history":[{"count":0,"href":"https:\/\/test.madridemprende.anovagroup.es\/fr\/wp-json\/wp\/v2\/noticias\/8200\/revisions"}],"wp:featuredmedia":[{"embeddable":true,"href":"https:\/\/test.madridemprende.anovagroup.es\/fr\/wp-json\/wp\/v2\/media\/8201"}],"wp:attachment":[{"href":"https:\/\/test.madridemprende.anovagroup.es\/fr\/wp-json\/wp\/v2\/media?parent=8200"}],"wp:term":[{"taxonomy":"category","embeddable":true,"href":"https:\/\/test.madridemprende.anovagroup.es\/fr\/wp-json\/wp\/v2\/categories?post=8200"},{"taxonomy":"noticias","embeddable":true,"href":"https:\/\/test.madridemprende.anovagroup.es\/fr\/wp-json\/wp\/v2\/noticias?post=8200"}],"curies":[{"name":"wp","href":"https:\/\/api.w.org\/{rel}","templated":true}]}}