{"id":8220,"date":"2022-02-17T00:00:00","date_gmt":"2022-02-17T00:00:00","guid":{"rendered":"https:\/\/pre.madridemprende.anovagroup.es\/noticias\/premio-emprendedores-y-seguridad-vial\/"},"modified":"2022-06-08T10:39:32","modified_gmt":"2022-06-08T08:39:32","slug":"premio-emprendedores-y-seguridad-vial","status":"publish","type":"noticias","link":"https:\/\/test.madridemprende.anovagroup.es\/fr\/noticias\/premio-emprendedores-y-seguridad-vial\/","title":{"rendered":"Premio Emprendedores y Seguridad Vial"},"content":{"rendered":"<p class=\"MsoNormal\" style=\"text-align: justify;\"><span style=\"font-family: lato; font-size: 12pt;\">La Fundaci\u00f3n L\u00ednea Directa ha convocado, por octavo a\u00f1o consecutivo, el <span lang=\"CA\"><a href=\"https:\/\/www.fundacionlineadirecta.org\/premio-emprendedores\" target=\"_blank\" rel=\"noopener\"><span lang=\"ES\">Premio Emprendedores y Seguridad Vial<\/span><\/a><\/span>, con el objetivo de <span style=\"color: black; background: white;\">estimular la iniciativa privada en la lucha contra los accidentes de tr\u00e1fico.<\/span> <\/span><\/p>\n<p class=\"MsoNormal\" style=\"text-align: justify;\"><span style=\"font-family: lato; font-size: 12pt;\"><span style=\"color: black; background: white;\">El plazo para presentar los proyectos estar\u00e1 abierto <strong>hasta el 14 de marzo.<\/strong><\/span><\/span><\/p>\n<p class=\"MsoNormal\" style=\"text-align: justify;\"><span style=\"font-family: lato; font-size: 12pt;\"><span style=\"color: black; background: white;\">El certamen es un referente y quiere reconocer el compromiso y la labor de empresas innovadoras que se resisten a asumir los accidentes de tr\u00e1fico como algo inevitable.\u00a0<\/span><\/span><\/p>\n<p class=\"MsoNormal\" style=\"text-align: justify;\"><span style=\"font-family: lato; font-size: 12pt;\"><span style=\"color: black; background: white;\">En esta edici\u00f3n podr\u00e1n participar aquellos emprendedores que cuenten con\u00a0<strong>proyectos ubicados en Espa\u00f1a con una sociedad empresarial ya constituida<\/strong>. De hecho, c<\/span><span style=\"color: black; background: white;\">on este premio, la Fundaci\u00f3n quiere apoyar a aquellos emprendedores que dedican sus esfuerzos a poner en marcha ideas de negocio que acaben con la siniestralidad al volante, ayud\u00e1ndoles a que su proyecto se consolide con \u00e9xito.<\/span><\/span><\/p>\n<p class=\"MsoNormal\" style=\"text-align: justify;\"><span style=\"font-family: lato; font-size: 12pt;\"><span style=\"color: black; background: white;\">El ganador recibir\u00e1 una aportaci\u00f3n de\u00a0<strong>20.000 euros<\/strong>, formaci\u00f3n, mentoring y acceso a rondas de financiaci\u00f3n. <\/span><\/span><\/p>\n<p class=\"MsoNormal\" style=\"text-align: justify;\"><span style=\"font-family: lato; font-size: 12pt;\"><span style=\"color: black; background: white;\">Adem\u00e1s, tanto el ganador como el proyecto que el jurado resalte por su car\u00e1cter innovador, tendr\u00e1n acceso a un stand promocional en la edici\u00f3n de este a\u00f1o del\u00a0<strong>South Summit-Spain Startup<\/strong>, plataforma global de innovaci\u00f3n para la generaci\u00f3n de valor, oportunidad y negocio del ecosistema emprendedor.<\/span><\/span><\/p>\n<p class=\"MsoNormal\" style=\"text-align: justify;\"><span style=\"font-family: lato; font-size: 12pt;\"><span style=\"color: black; background: white;\">La novedad de esta edici\u00f3n es que se elimina el requisito de &#8216;coinversi\u00f3n&#8217; o arrastre de los 20.000 euros de premio, con el fin de dar mayores facilidades a los emprendedores.<\/span><\/span><\/p>\n<p class=\"MsoNormal\" style=\"text-align: justify;\"><span style=\"font-family: lato; font-size: 12pt;\"><span style=\"color: black; background: white;\">El jurado de esta convocatoria est\u00e1 formado por:<\/span><\/span><\/p>\n<ul>\n<li><span style=\"font-family: lato; font-size: 12pt;\"><strong><span style=\"color: black; background: white; font-weight: normal;\">Jorge Ord\u00e1s, Subdirector General de Gesti\u00f3n de Movilidad y Tecnolog\u00eda de la DGT. <\/span><\/strong><\/span><\/li>\n<li><span style=\"font-family: lato; font-size: 12pt;\"><strong><span style=\"color: black; background: white; font-weight: normal;\">Clara Guti\u00e9rrez, Managing Partner at BRAIN VC Fund.<\/span><\/strong><\/span><\/li>\n<li><span style=\"font-family: lato; font-size: 12pt;\"><strong><span style=\"color: black; background: white; font-weight: normal;\">Juan Roure, Profesor de Iniciativa Emprendedora del IESE Business School.<\/span><\/strong><\/span><\/li>\n<li><span style=\"font-family: lato; font-size: 12pt;\"><strong><span style=\"color: black; background: white; font-weight: normal;\">M\u00aa Jes\u00fas Magro, Directora General de la Fundaci\u00f3n PONS.<\/span><\/strong><\/span><\/li>\n<li><span style=\"font-family: lato; font-size: 12pt;\"><strong><span style=\"color: black; background: white; font-weight: normal;\">Marisol Men\u00e9ndez, Directora de Innovaci\u00f3n Abierta en Spain Startup \u2013 South Summit.<\/span><\/strong><\/span><\/li>\n<li><span style=\"font-family: lato; font-size: 12pt;\"><strong><span style=\"color: black; background: white; font-weight: normal;\">Javier Meg\u00edas, Director del Programa de Startup de la Fundaci\u00f3n para la Innovaci\u00f3n Bankinter.<\/span><\/strong><\/span><\/li>\n<li><span style=\"font-family: lato; font-size: 12pt;\"><strong><span style=\"color: black; background: white; font-weight: normal;\">Carlos Rodr\u00edguez Ugarte, Director de Finanzas de L\u00ednea Directa Aseguradora.<\/span><\/strong><\/span><\/li>\n<li><span style=\"font-family: lato; font-size: 12pt;\"><strong><span style=\"color: black; background: white; font-weight: normal;\">Mar Garre, Directa General de la Fundaci\u00f3n L\u00ednea Directa.<span style=\"mso-spacerun: yes;\">\u00a0 <\/span><\/span><\/strong><\/span><\/li>\n<\/ul>\n<p class=\"MsoNormal\" style=\"text-align: justify;\"><span style=\"font-family: lato; font-size: 12pt;\"><span style=\"color: black; background: white;\">El premio cuenta con el apoyo de L\u00ednea Directa Aseguradora, la Fundaci\u00f3n para la Innovaci\u00f3n Bankinter y del IESE Business School.<\/span><\/span><\/p>\n<p class=\"MsoNormal\" style=\"text-align: justify;\"><span style=\"font-family: lato; font-size: 12pt;\"><span style=\"color: black; background: white;\">Consulta las<\/span><span lang=\"CA\"><a href=\"https:\/\/www.fundacionlineadirecta.org\/documents\/206323\/821050\/Bases+legales+del+VIII+Premio+Emprendedores+y+Seguridad+Vial.pdf\/9eb3daac-0490-81a8-ec7d-adce9d82a9e5?t=1643367039468\" target=\"_blank\" rel=\"noopener\"><span lang=\"ES\" style=\"background: white;\">bases legales<\/span><\/a>.<\/span><\/span><\/p>\n","protected":false},"excerpt":{"rendered":"<p>La Fundaci\u00f3n L\u00ednea Directa ha convocado, por octavo a\u00f1o consecutivo, el&#8230;<\/p>\n","protected":false},"featured_media":8221,"template":"","meta":{"_acf_changed":false},"categories":[317],"noticias":[],"class_list":["post-8220","noticias","type-noticias","status-publish","has-post-thumbnail","hentry","category-noticias"],"acf":[],"_links":{"self":[{"href":"https:\/\/test.madridemprende.anovagroup.es\/fr\/wp-json\/wp\/v2\/noticias\/8220"}],"collection":[{"href":"https:\/\/test.madridemprende.anovagroup.es\/fr\/wp-json\/wp\/v2\/noticias"}],"about":[{"href":"https:\/\/test.madridemprende.anovagroup.es\/fr\/wp-json\/wp\/v2\/types\/noticias"}],"version-history":[{"count":0,"href":"https:\/\/test.madridemprende.anovagroup.es\/fr\/wp-json\/wp\/v2\/noticias\/8220\/revisions"}],"wp:featuredmedia":[{"embeddable":true,"href":"https:\/\/test.madridemprende.anovagroup.es\/fr\/wp-json\/wp\/v2\/media\/8221"}],"wp:attachment":[{"href":"https:\/\/test.madridemprende.anovagroup.es\/fr\/wp-json\/wp\/v2\/media?parent=8220"}],"wp:term":[{"taxonomy":"category","embeddable":true,"href":"https:\/\/test.madridemprende.anovagroup.es\/fr\/wp-json\/wp\/v2\/categories?post=8220"},{"taxonomy":"noticias","embeddable":true,"href":"https:\/\/test.madridemprende.anovagroup.es\/fr\/wp-json\/wp\/v2\/noticias?post=8220"}],"curies":[{"name":"wp","href":"https:\/\/api.w.org\/{rel}","templated":true}]}}