{"id":8244,"date":"2022-03-29T00:00:00","date_gmt":"2022-03-29T00:00:00","guid":{"rendered":"https:\/\/pre.madridemprende.anovagroup.es\/noticias\/programa-neotec-para-mujeres-emprendedoras\/"},"modified":"2022-06-08T10:30:35","modified_gmt":"2022-06-08T08:30:35","slug":"programa-neotec-para-mujeres-emprendedoras","status":"publish","type":"noticias","link":"https:\/\/test.madridemprende.anovagroup.es\/fr\/noticias\/programa-neotec-para-mujeres-emprendedoras\/","title":{"rendered":"Programa NEOTEC para mujeres emprendedoras"},"content":{"rendered":"<p class=\"MsoNormal\" style=\"text-align:justify\"><span style=\"font-family: lato; font-size: 12pt;\">El <span lang=\"CA\"><a href=\"https:\/\/www.pap.hacienda.gob.es\/bdnstrans\/GE\/es\/convocatoria\/609260\" target=\"_blank\" rel=\"noopener\"><span lang=\"ES\">programa <strong>NEOTEC<\/strong><\/span><\/a><\/span> del Centro para el Desarrollo Tecnol\u00f3gico Industrial E.P.E. (CDTI) tiene por objeto la financiaci\u00f3n de la puesta en marcha de nuevos proyectos empresariales de <strong>empresas innovadoras lideradas por mujeres<\/strong> que requieran el uso de <strong>tecnolog\u00edas<\/strong> o conocimientos desarrollados a partir de la <strong>actividad investigadora<\/strong> y en los que la estrategia de negocio se base en el desarrollo de tecnolog\u00eda.<\/span><\/p>\n<p class=\"MsoNormal\" style=\"text-align:justify\"><span style=\"font-family: lato; font-size: 12pt;\">Pueden beneficiarse de este programa las <strong>peque\u00f1as empresas innovadoras lideradas por mujeres<\/strong>, constituidas como m\u00e1ximo en los <strong>3 a\u00f1os<\/strong> anteriores a la fecha de cierre del plazo de presentaci\u00f3n de solicitudes, con un <strong>capital<\/strong> social m\u00ednimo, o capital social m\u00e1s prima de emisi\u00f3n o asunci\u00f3n de <strong>20.000 euros<\/strong>, desembolsando \u00edntegramente, e inscrito totalmente en el registro correspondiente antes de la presentaci\u00f3n de la solicitud. <\/span><\/p>\n<p class=\"MsoNormal\" style=\"text-align:justify\"><span style=\"font-family: lato; font-size: 12pt;\">Asimismo, deber\u00e1n estar al corriente de las obligaciones de dep\u00f3sito de cuentas anuales, tanto individuales como consolidadas en el Registro Mercantil.<\/span><\/p>\n<p class=\"MsoNormal\" style=\"text-align:justify\"><span style=\"font-family: lato; font-size: 12pt;\">En cuanto a la tipolog\u00eda de estas ayudas, ser\u00e1n subvenciones con unos l\u00edmites. Se podr\u00e1 financiar el 70% del presupuesto elegible de la actuaci\u00f3n, con un importe m\u00e1ximo de subvenci\u00f3n de <strong>250.000 euros<\/strong> por entidad beneficiaria. La actuaci\u00f3n deber\u00e1 tener un presupuesto financiable m\u00ednimo de 175.000 euros.<\/span><\/p>\n<p class=\"MsoNormal\" style=\"text-align:justify\"><span style=\"font-family: lato; font-size: 12pt;\">Las ayudas ser\u00e1n incompatibles con cualquier otra ayuda NEOTEC previa o posterior a la concedida en virtud de la presente convocatoria.<\/span><\/p>\n<p class=\"MsoNormal\" style=\"text-align:justify\"><span style=\"font-family: lato; font-size: 12pt;\">Las <strong>solicitudes<\/strong> para la obtenci\u00f3n de estas ayudas se realizar\u00e1n a trav\u00e9s de la aplicaci\u00f3n <strong>online<\/strong> accesible a trav\u00e9s de la <span lang=\"CA\"><a href=\"https:\/\/sede.cdti.gob.es\/AreaPublica\/home.aspx\" target=\"_blank\" rel=\"noopener\"><span lang=\"ES\">sede electr\u00f3nica de CDTI<\/span><\/a><\/span>.<\/span><\/p>\n<p class=\"MsoNormal\"><span style=\"font-family: lato; font-size: 12pt;\">El plazo de inscripci\u00f3n finaliza el <strong>19 de abril<\/strong>.<\/span><\/p>\n","protected":false},"excerpt":{"rendered":"<p>El programa NEOTEC del Centro para el Desarrollo Tecnol\u00f3gico Industrial&#8230;<\/p>\n","protected":false},"featured_media":8245,"template":"","meta":{"_acf_changed":false},"categories":[317],"noticias":[],"class_list":["post-8244","noticias","type-noticias","status-publish","has-post-thumbnail","hentry","category-noticias"],"acf":[],"_links":{"self":[{"href":"https:\/\/test.madridemprende.anovagroup.es\/fr\/wp-json\/wp\/v2\/noticias\/8244"}],"collection":[{"href":"https:\/\/test.madridemprende.anovagroup.es\/fr\/wp-json\/wp\/v2\/noticias"}],"about":[{"href":"https:\/\/test.madridemprende.anovagroup.es\/fr\/wp-json\/wp\/v2\/types\/noticias"}],"version-history":[{"count":0,"href":"https:\/\/test.madridemprende.anovagroup.es\/fr\/wp-json\/wp\/v2\/noticias\/8244\/revisions"}],"wp:featuredmedia":[{"embeddable":true,"href":"https:\/\/test.madridemprende.anovagroup.es\/fr\/wp-json\/wp\/v2\/media\/8245"}],"wp:attachment":[{"href":"https:\/\/test.madridemprende.anovagroup.es\/fr\/wp-json\/wp\/v2\/media?parent=8244"}],"wp:term":[{"taxonomy":"category","embeddable":true,"href":"https:\/\/test.madridemprende.anovagroup.es\/fr\/wp-json\/wp\/v2\/categories?post=8244"},{"taxonomy":"noticias","embeddable":true,"href":"https:\/\/test.madridemprende.anovagroup.es\/fr\/wp-json\/wp\/v2\/noticias?post=8244"}],"curies":[{"name":"wp","href":"https:\/\/api.w.org\/{rel}","templated":true}]}}