{"id":8260,"date":"2022-04-25T00:00:00","date_gmt":"2022-04-25T00:00:00","guid":{"rendered":"https:\/\/pre.madridemprende.anovagroup.es\/noticias\/criterios-esg-environmental-social-and-governance\/"},"modified":"2022-06-08T10:30:33","modified_gmt":"2022-06-08T08:30:33","slug":"criterios-esg-environmental-social-and-governance","status":"publish","type":"noticias","link":"https:\/\/test.madridemprende.anovagroup.es\/fr\/noticias\/criterios-esg-environmental-social-and-governance\/","title":{"rendered":"Criterios ESG, Environmental, Social and Governance"},"content":{"rendered":"<h2 class=\"MsoNormal\"><strong><span style=\"font-family: 'Lato',sans-serif; mso-ansi-language: ES;\">Definici\u00f3n<\/span><\/strong><\/h2>\n<p class=\"MsoNormal\"><span style=\"font-family: 'Lato',sans-serif; mso-ansi-language: ES;\">Los criterios ESG hacen referencia al anglicismo <strong><em>Environmental, Social and Governance<\/em><\/strong>y nos hablan de los factores ambientales, sociales y de gobierno corporativo que determinan las inversiones empresariales y su sostenibilidad.<\/span><\/p>\n<p class=\"MsoNormal\"><span style=\"font-family: 'Lato',sans-serif; mso-ansi-language: ES;\">La estrategia ESG de una empresa abarca muchas \u00e1reas de la organizaci\u00f3n, lo que requiere que m\u00faltiples \u00e1reas trabajen juntas hacia objetivos comunes.<\/span><\/p>\n<h2><strong><span style=\"font-family: 'Lato',sans-serif; mso-ansi-language: ES;\">Contexto<\/span><\/strong><\/h2>\n<p class=\"MsoNormal\"><span style=\"font-family: 'Lato',sans-serif; mso-ansi-language: ES;\">En Espa\u00f1a existe un <strong>marco normativo<\/strong> para la publicaci\u00f3n de las informaciones no financieras de las empresas. De hecho, las grandes empresas y las entidades de inter\u00e9s p\u00fablico tienen la obligaci\u00f3n de publicar dichas informaciones, las cuales cada vez interesan m\u00e1s a la ciudadan\u00eda en general y, sobre todo, a los inversores corporativos.<\/span><\/p>\n<p class=\"MsoNormal\"><span style=\"font-family: 'Lato',sans-serif; mso-ansi-language: ES;\">La <strong>concienciaci\u00f3n general<\/strong> sobre c\u00f3mo las corporaciones empresariales gestionan temas medioambientales es un hecho. Es m\u00e1s, la sensibilidad medioambiental puede llegar a condicionar los h\u00e1bitos de consumo y las decisiones de compra en relaci\u00f3n con una marca.<\/span><\/p>\n<p class=\"MsoNormal\"><span style=\"font-family: 'Lato',sans-serif; mso-ansi-language: ES;\">Los l\u00edderes empresariales ven los retos de ESG como un imperativo: asumirlos marcar\u00e1 la diferencia y generar\u00e1 oportunidades.<\/span><\/p>\n<h2><strong><span style=\"font-family: 'Lato',sans-serif; mso-ansi-language: ES;\">Criterios<\/span><\/strong><\/h2>\n<p class=\"MsoNormal\"><span style=\"font-family: 'Lato',sans-serif; mso-ansi-language: ES;\">Por todo ello, podemos concretar los <strong>criterios ESG<\/strong> as\u00ed:<\/span><\/p>\n<p class=\"MsoListParagraphCxSpFirst\" style=\"text-indent: -18.0pt; mso-list: l0 level1 lfo2;\"><!-- [if !supportLists]--><span style=\"font-family: Symbol; mso-fareast-font-family: Symbol; mso-bidi-font-family: Symbol; mso-ansi-language: ES;\"><span style=\"mso-list: Ignore;\">\u00b7<span style=\"font: 7.0pt 'Times New Roman';\">\u00a0\u00a0\u00a0\u00a0\u00a0\u00a0\u00a0 <\/span><\/span><\/span><!--[endif]--><strong><em><span style=\"font-family: 'Lato',sans-serif; mso-ansi-language: ES;\">Environmental<\/span><\/em><\/strong><em><span style=\"font-family: 'Lato',sans-serif; mso-ansi-language: ES;\">: l<\/span><\/em><span style=\"font-family: 'Lato',sans-serif; mso-ansi-language: ES;\">os criterios ambientales incluyen actividades empresariales con impacto positivo en el medio ambiente.<\/span><\/p>\n<p class=\"MsoListParagraphCxSpMiddle\" style=\"text-indent: -18.0pt; mso-list: l0 level1 lfo2;\"><!-- [if !supportLists]--><span style=\"font-family: Symbol; mso-fareast-font-family: Symbol; mso-bidi-font-family: Symbol; mso-ansi-language: ES;\"><span style=\"mso-list: Ignore;\">\u00b7<span style=\"font: 7.0pt 'Times New Roman';\">\u00a0\u00a0\u00a0\u00a0\u00a0\u00a0\u00a0 <\/span><\/span><\/span><!--[endif]--><strong><em><span style=\"font-family: 'Lato',sans-serif; mso-ansi-language: ES;\">Social<\/span><\/em><\/strong><span style=\"font-family: 'Lato',sans-serif; mso-ansi-language: ES;\">: estos criterios tienen efectos sociales en sentido amplio, desde la diversidad e igualdad de oportunidades hasta las condiciones laborales.<\/span><\/p>\n<p class=\"MsoListParagraphCxSpLast\" style=\"text-indent: -18.0pt; mso-list: l0 level1 lfo2;\"><!-- [if !supportLists]--><span style=\"font-family: Symbol; mso-fareast-font-family: Symbol; mso-bidi-font-family: Symbol; mso-ansi-language: ES;\"><span style=\"mso-list: Ignore;\">\u00b7<span style=\"font: 7.0pt 'Times New Roman';\">\u00a0\u00a0\u00a0\u00a0\u00a0\u00a0\u00a0 <\/span><\/span><\/span><!--[endif]--><strong><em><span style=\"font-family: 'Lato',sans-serif; mso-ansi-language: ES;\">Governance<\/span><\/em><\/strong><span style=\"font-family: 'Lato',sans-serif; mso-ansi-language: ES;\">: engloba al gobierno corporativo de la empresa, su calidad corporativa, cultura y procesos de gesti\u00f3n. <\/span><\/p>\n<h2><strong><span style=\"font-family: 'Lato',sans-serif; mso-ansi-language: ES;\">Principios<\/span><\/strong><\/h2>\n<p class=\"MsoNormal\"><span style=\"font-family: 'Lato',sans-serif; mso-ansi-language: ES;\">Cada tipo de criterio responde a unos <strong>principios impl\u00edcitos<\/strong>:<\/span><\/p>\n<p class=\"MsoListParagraphCxSpFirst\" style=\"text-indent: -18.0pt; mso-list: l2 level1 lfo3;\"><!-- [if !supportLists]--><span style=\"font-family: Symbol; mso-fareast-font-family: Symbol; mso-bidi-font-family: Symbol; mso-ansi-language: ES;\"><span style=\"mso-list: Ignore;\">\u00b7<span style=\"font: 7.0pt 'Times New Roman';\">\u00a0\u00a0\u00a0\u00a0\u00a0\u00a0\u00a0 <\/span><\/span><\/span><!--[endif]--><span style=\"font-family: 'Lato',sans-serif; mso-ansi-language: ES;\">Medioambiental: cambio clim\u00e1tico y reducci\u00f3n de emisiones, uso racional del agua, biodiversidad, eficiencia energ\u00e9tica, reforestaci\u00f3n, gesti\u00f3n de residuos y econom\u00eda circular.<\/span><\/p>\n<p class=\"MsoListParagraphCxSpMiddle\"><span style=\"font-family: 'Lato',sans-serif; mso-ansi-language: ES;\">Social: satisfacci\u00f3n del cliente, igualdad de g\u00e9nero y diversidad, apoyo a los colectivos vulnerables y ayudas sociales, salud y seguridad en el trabajo, contribuciones a la comunidad, formaci\u00f3n y derechos humanos.<\/span><\/p>\n<p class=\"MsoListParagraphCxSpLast\" style=\"text-indent: -18.0pt; mso-list: l2 level1 lfo3;\"><!-- [if !supportLists]--><span style=\"font-family: Symbol; mso-fareast-font-family: Symbol; mso-bidi-font-family: Symbol; mso-ansi-language: ES;\"><span style=\"mso-list: Ignore;\">\u00b7<span style=\"font: 7.0pt 'Times New Roman';\">\u00a0\u00a0\u00a0\u00a0\u00a0\u00a0\u00a0 <\/span><\/span><\/span><!--[endif]--><span style=\"font-family: 'Lato',sans-serif; mso-ansi-language: ES;\">Gobierno corporativo: sistema de gobierno corporativo, remuneraciones, ciberseguridad, cadena de suministro responsable y sistemas de cumplimiento.<\/span><\/p>\n<h2><strong><span lang=\"CA\" style=\"font-family: 'Lato',sans-serif;\">Inversiones \u00e9ticas<\/span><\/strong><\/h2>\n<p class=\"MsoNormal\"><span lang=\"CA\" style=\"font-family: 'Lato',sans-serif;\">La <strong>Inversi\u00f3n Socialmente Responsable (ISR) o inversi\u00f3n sostenible<\/strong> no es nada nuevo. <\/span><span style=\"font-family: 'Lato',sans-serif; mso-ansi-language: ES;\">Su origen se remonta a finales de la d\u00e9cada de los 60, cuando estudiantes universitarios que se opon\u00edan a la guerra de Vietnam exigieron que las carteras financieras de sus universidades no incluyeran inversiones en empresas militares.<\/span><\/p>\n<p class=\"MsoNormal\"><span style=\"font-family: 'Lato',sans-serif; mso-ansi-language: ES;\">Desde esas primeras inversiones sostenibles hemos llegado actualmente a las <strong>inversiones \u00e9ticas, basadas en los criterios ESG.<\/strong><\/span><\/p>\n","protected":false},"excerpt":{"rendered":"<p>Definici\u00f3n<br \/>\nLos criterios ESG hacen referencia al anglicismo Environmental,&#8230;<\/p>\n","protected":false},"featured_media":8261,"template":"","meta":{"_acf_changed":false},"categories":[318],"noticias":[],"class_list":["post-8260","noticias","type-noticias","status-publish","has-post-thumbnail","hentry","category-blog"],"acf":[],"_links":{"self":[{"href":"https:\/\/test.madridemprende.anovagroup.es\/fr\/wp-json\/wp\/v2\/noticias\/8260"}],"collection":[{"href":"https:\/\/test.madridemprende.anovagroup.es\/fr\/wp-json\/wp\/v2\/noticias"}],"about":[{"href":"https:\/\/test.madridemprende.anovagroup.es\/fr\/wp-json\/wp\/v2\/types\/noticias"}],"version-history":[{"count":0,"href":"https:\/\/test.madridemprende.anovagroup.es\/fr\/wp-json\/wp\/v2\/noticias\/8260\/revisions"}],"wp:featuredmedia":[{"embeddable":true,"href":"https:\/\/test.madridemprende.anovagroup.es\/fr\/wp-json\/wp\/v2\/media\/8261"}],"wp:attachment":[{"href":"https:\/\/test.madridemprende.anovagroup.es\/fr\/wp-json\/wp\/v2\/media?parent=8260"}],"wp:term":[{"taxonomy":"category","embeddable":true,"href":"https:\/\/test.madridemprende.anovagroup.es\/fr\/wp-json\/wp\/v2\/categories?post=8260"},{"taxonomy":"noticias","embeddable":true,"href":"https:\/\/test.madridemprende.anovagroup.es\/fr\/wp-json\/wp\/v2\/noticias?post=8260"}],"curies":[{"name":"wp","href":"https:\/\/api.w.org\/{rel}","templated":true}]}}